
{"id":9801,"date":"2008-03-13T12:41:44","date_gmt":"2008-03-13T11:41:44","guid":{"rendered":"http:\/\/adamczewscy.pl\/?p=1907"},"modified":"2008-03-13T12:41:44","modified_gmt":"2008-03-13T11:41:44","slug":"zupa-wiosenna-z-zielonych-ogorkow","status":"publish","type":"post","link":"https:\/\/blog.polityka.pl\/adamczewski\/2008\/03\/13\/zupa-wiosenna-z-zielonych-ogorkow\/","title":{"rendered":"Zupa wiosenna z zielonych og\u00f3rk\u00f3w"},"content":{"rendered":"<p><em>(4-6 porcji)<\/p>\n<p>3 d\u0142ugie zielone og\u00f3rki wagi oko\u0142o 50 dag, 2 marchwie, 3 spore ziemniaki, 5 szklanek wody lub roso\u0142u z kurczaka, szklanka  \u015bmietany 12 proc., \u0142y\u017cka m\u0105ki, \u0142y\u017cka mas\u0142a, ew. kostka roso\u0142u drobiowego, 2 z\u0105bki czosnku, s\u00f3l, 3 \u0142y\u017cki posiekanego koperku.<\/em><\/p>\n<p>1. Obra\u0107 og\u00f3rki  i marchew, pokroi\u0107 w w\u0105skie paseczki. Podsma\u017cy\u0107 na ma\u015ble.<br \/>\n2. Ziemniaki obra\u0107 i pokroi\u0107 w drobn\u0105 kostk\u0119.<br \/>\n3. Podsma\u017cone warzywa zala\u0107 wod\u0105, doda\u0107 ziemniaki i gotowa\u0107 10-12 minut. Lub do momentu, kiedy ziemniaki b\u0119d\u0105 mi\u0119kkie.<br \/>\n4. Do zupy doda\u0107 wymieszan\u0105 z m\u0105k\u0105 \u015bmietan\u0119, je\u015bli zupa by\u0142a gotowana na wodzie r\u00f3wnie\u017c kostk\u0119 roso\u0142ow\u0105, raz zagotowa\u0107.<br \/>\n5. Doda\u0107 przeci\u015bni\u0119ty przez prask\u0119 czosnek i posiekany koperek.<\/p>\n<p>Taka wiosenna, aromatyczna zupa nadaje si\u0119 znakomicie na \u015bwi\u0105teczny st\u00f3\u0142.<\/p>\n","protected":false},"excerpt":{"rendered":"<p>(4-6 porcji) 3 d\u0142ugie zielone og\u00f3rki wagi oko\u0142o 50 dag, 2 marchwie, 3 spore ziemniaki, 5 szklanek wody lub roso\u0142u z kurczaka, szklanka \u015bmietany 12 proc., \u0142y\u017cka m\u0105ki, \u0142y\u017cka mas\u0142a, ew. kostka roso\u0142u drobiowego, 2 z\u0105bki czosnku, s\u00f3l, 3 \u0142y\u017cki posiekanego koperku. 1. Obra\u0107 og\u00f3rki i marchew, pokroi\u0107 w w\u0105skie paseczki. Podsma\u017cy\u0107 na ma\u015ble. 2. [&hellip;]<\/p>\n","protected":false},"author":2,"featured_media":0,"comment_status":"open","ping_status":"open","sticky":false,"template":"","format":"standard","meta":{"footnotes":""},"categories":[1],"tags":[],"_links":{"self":[{"href":"https:\/\/blog.polityka.pl\/adamczewski\/wp-json\/wp\/v2\/posts\/9801"}],"collection":[{"href":"https:\/\/blog.polityka.pl\/adamczewski\/wp-json\/wp\/v2\/posts"}],"about":[{"href":"https:\/\/blog.polityka.pl\/adamczewski\/wp-json\/wp\/v2\/types\/post"}],"author":[{"embeddable":true,"href":"https:\/\/blog.polityka.pl\/adamczewski\/wp-json\/wp\/v2\/users\/2"}],"replies":[{"embeddable":true,"href":"https:\/\/blog.polityka.pl\/adamczewski\/wp-json\/wp\/v2\/comments?post=9801"}],"version-history":[{"count":0,"href":"https:\/\/blog.polityka.pl\/adamczewski\/wp-json\/wp\/v2\/posts\/9801\/revisions"}],"wp:attachment":[{"href":"https:\/\/blog.polityka.pl\/adamczewski\/wp-json\/wp\/v2\/media?parent=9801"}],"wp:term":[{"taxonomy":"category","embeddable":true,"href":"https:\/\/blog.polityka.pl\/adamczewski\/wp-json\/wp\/v2\/categories?post=9801"},{"taxonomy":"post_tag","embeddable":true,"href":"https:\/\/blog.polityka.pl\/adamczewski\/wp-json\/wp\/v2\/tags?post=9801"}],"curies":[{"name":"wp","href":"https:\/\/api.w.org\/{rel}","templated":true}]}}