
{"id":9805,"date":"2008-03-13T12:48:20","date_gmt":"2008-03-13T11:48:20","guid":{"rendered":"http:\/\/adamczewscy.pl\/?p=1911"},"modified":"2008-03-13T12:48:20","modified_gmt":"2008-03-13T11:48:20","slug":"miodowy-mazurek","status":"publish","type":"post","link":"https:\/\/blog.polityka.pl\/adamczewski\/2008\/03\/13\/miodowy-mazurek\/","title":{"rendered":"Miodowy mazurek"},"content":{"rendered":"<p><em>2 szklanki m\u0105ki, 3 \u0142y\u017cki mas\u0142a, jajko,2 \u0142y\u017cki miodu, 3 \u0142y\u017cki kwa\u015bnej \u015bmietany, szklanka cukru pudru, \u0142y\u017ceczka sody.<br \/>\nDo przek\u0142adania: s\u0142oik dobrego d\u017cemu.<br \/>\nPolewa: szklanka cukru, 3 \u0142y\u017cki mleka, p\u00f3\u0142 kostki mas\u0142a, 2 \u0142y\u017cki kakao.<\/em><\/p>\n<p>1. Wsypa\u0107 do miski m\u0105k\u0119, sod\u0119, cukier, doda\u0107 mleko i mas\u0142o oraz p\u0142ynny mi\u00f3d. Zagnie\u015b\u0107 ciasto.<br \/>\n2. Upiec 2 r\u00f3wnej wielko\u015bci placki.<br \/>\n3. Ostudzone placki prze\u0142o\u017cy\u0107 d\u017cemem, przycisn\u0105\u0107 r\u00f3wnomiernie deseczk\u0105.<br \/>\n4. Przygotowa\u0107 polew\u0119: podgrzewa\u0107 wszystkie sk\u0142adniki nie dopuszczaj\u0105c do zagotowania, kiedy si\u0119 po\u0142\u0105cz\u0105 pola\u0107 powierzchni\u0119 mazurka i udekorowa\u0107 jeszcze ciep\u0142\u0105 dowolnymi bakaliami.<\/p>\n","protected":false},"excerpt":{"rendered":"<p>2 szklanki m\u0105ki, 3 \u0142y\u017cki mas\u0142a, jajko,2 \u0142y\u017cki miodu, 3 \u0142y\u017cki kwa\u015bnej \u015bmietany, szklanka cukru pudru, \u0142y\u017ceczka sody. Do przek\u0142adania: s\u0142oik dobrego d\u017cemu. Polewa: szklanka cukru, 3 \u0142y\u017cki mleka, p\u00f3\u0142 kostki mas\u0142a, 2 \u0142y\u017cki kakao. 1. Wsypa\u0107 do miski m\u0105k\u0119, sod\u0119, cukier, doda\u0107 mleko i mas\u0142o oraz p\u0142ynny mi\u00f3d. Zagnie\u015b\u0107 ciasto. 2. Upiec 2 r\u00f3wnej [&hellip;]<\/p>\n","protected":false},"author":2,"featured_media":0,"comment_status":"open","ping_status":"open","sticky":false,"template":"","format":"standard","meta":{"footnotes":""},"categories":[1],"tags":[],"_links":{"self":[{"href":"https:\/\/blog.polityka.pl\/adamczewski\/wp-json\/wp\/v2\/posts\/9805"}],"collection":[{"href":"https:\/\/blog.polityka.pl\/adamczewski\/wp-json\/wp\/v2\/posts"}],"about":[{"href":"https:\/\/blog.polityka.pl\/adamczewski\/wp-json\/wp\/v2\/types\/post"}],"author":[{"embeddable":true,"href":"https:\/\/blog.polityka.pl\/adamczewski\/wp-json\/wp\/v2\/users\/2"}],"replies":[{"embeddable":true,"href":"https:\/\/blog.polityka.pl\/adamczewski\/wp-json\/wp\/v2\/comments?post=9805"}],"version-history":[{"count":0,"href":"https:\/\/blog.polityka.pl\/adamczewski\/wp-json\/wp\/v2\/posts\/9805\/revisions"}],"wp:attachment":[{"href":"https:\/\/blog.polityka.pl\/adamczewski\/wp-json\/wp\/v2\/media?parent=9805"}],"wp:term":[{"taxonomy":"category","embeddable":true,"href":"https:\/\/blog.polityka.pl\/adamczewski\/wp-json\/wp\/v2\/categories?post=9805"},{"taxonomy":"post_tag","embeddable":true,"href":"https:\/\/blog.polityka.pl\/adamczewski\/wp-json\/wp\/v2\/tags?post=9805"}],"curies":[{"name":"wp","href":"https:\/\/api.w.org\/{rel}","templated":true}]}}