
{"id":9806,"date":"2008-03-13T12:49:37","date_gmt":"2008-03-13T11:49:37","guid":{"rendered":"http:\/\/adamczewscy.pl\/?p=1912"},"modified":"2008-03-13T12:49:37","modified_gmt":"2008-03-13T11:49:37","slug":"mazurek-pomaranczowy-2","status":"publish","type":"post","link":"https:\/\/blog.polityka.pl\/adamczewski\/2008\/03\/13\/mazurek-pomaranczowy-2\/","title":{"rendered":"Mazurek pomara\u0144czowy"},"content":{"rendered":"<p><em>Na ciasto: p\u00f3\u0142torej szklanki m\u0105ki, 20 dag mas\u0142a, p\u00f3\u0142 szklanki cukru pudru, 2 \u017c\u00f3\u0142tka.<br \/>\nMasa pomara\u0144czowa: 4 spore pomara\u0144cze, 2 cytryny, jab\u0142ko, 2 szklanki z czubem cukru, 2 gar\u015bci siekanych migda\u0142\u00f3w.<\/em><\/p>\n<p>1. Z podanych sk\u0142adnik\u00f3w zagnie\u015b\u0107 ciasto, rozwa\u0142kowa\u0107 ,u\u0142o\u017cy\u0107 na blaszce(25&#215;30 cm), ponak\u0142uwa\u0107 widelcem, upiec na z\u0142ocisto.<br \/>\n2. Pomara\u0144cze dok\u0142adnie wyszorowa\u0107 szczoteczk\u0105, i wraz ze sk\u00f3rk\u0105 zetrze\u0107 na tarce. Usun\u0105\u0107 pestki, kt\u00f3re s\u0105 bardzo gorzkie. Jab\u0142ko zetrze\u0107 na jarzynowej tarce.<br \/>\n3. Wraz z cukrem gotowa\u0107 starte owoce  a\u017c  masa zacznie g\u0119stnie\u0107.<br \/>\n4. Wy\u0142o\u017cy\u0107 mas\u0119 na ciasto, wyr\u00f3wna\u0107 powierzchni\u0119, posypa\u0107 siekanymi migda\u0142ami. Kroi\u0107, dopiero kiedy masa zupe\u0142nie st\u0119\u017ceje.<\/p>\n","protected":false},"excerpt":{"rendered":"<p>Na ciasto: p\u00f3\u0142torej szklanki m\u0105ki, 20 dag mas\u0142a, p\u00f3\u0142 szklanki cukru pudru, 2 \u017c\u00f3\u0142tka. Masa pomara\u0144czowa: 4 spore pomara\u0144cze, 2 cytryny, jab\u0142ko, 2 szklanki z czubem cukru, 2 gar\u015bci siekanych migda\u0142\u00f3w. 1. Z podanych sk\u0142adnik\u00f3w zagnie\u015b\u0107 ciasto, rozwa\u0142kowa\u0107 ,u\u0142o\u017cy\u0107 na blaszce(25&#215;30 cm), ponak\u0142uwa\u0107 widelcem, upiec na z\u0142ocisto. 2. Pomara\u0144cze dok\u0142adnie wyszorowa\u0107 szczoteczk\u0105, i wraz ze [&hellip;]<\/p>\n","protected":false},"author":2,"featured_media":0,"comment_status":"open","ping_status":"open","sticky":false,"template":"","format":"standard","meta":{"footnotes":""},"categories":[1],"tags":[],"_links":{"self":[{"href":"https:\/\/blog.polityka.pl\/adamczewski\/wp-json\/wp\/v2\/posts\/9806"}],"collection":[{"href":"https:\/\/blog.polityka.pl\/adamczewski\/wp-json\/wp\/v2\/posts"}],"about":[{"href":"https:\/\/blog.polityka.pl\/adamczewski\/wp-json\/wp\/v2\/types\/post"}],"author":[{"embeddable":true,"href":"https:\/\/blog.polityka.pl\/adamczewski\/wp-json\/wp\/v2\/users\/2"}],"replies":[{"embeddable":true,"href":"https:\/\/blog.polityka.pl\/adamczewski\/wp-json\/wp\/v2\/comments?post=9806"}],"version-history":[{"count":0,"href":"https:\/\/blog.polityka.pl\/adamczewski\/wp-json\/wp\/v2\/posts\/9806\/revisions"}],"wp:attachment":[{"href":"https:\/\/blog.polityka.pl\/adamczewski\/wp-json\/wp\/v2\/media?parent=9806"}],"wp:term":[{"taxonomy":"category","embeddable":true,"href":"https:\/\/blog.polityka.pl\/adamczewski\/wp-json\/wp\/v2\/categories?post=9806"},{"taxonomy":"post_tag","embeddable":true,"href":"https:\/\/blog.polityka.pl\/adamczewski\/wp-json\/wp\/v2\/tags?post=9806"}],"curies":[{"name":"wp","href":"https:\/\/api.w.org\/{rel}","templated":true}]}}