
{"id":9807,"date":"2008-03-13T12:50:55","date_gmt":"2008-03-13T11:50:55","guid":{"rendered":"http:\/\/adamczewscy.pl\/?p=1913"},"modified":"2008-03-13T12:50:55","modified_gmt":"2008-03-13T11:50:55","slug":"mazurek-marmurek","status":"publish","type":"post","link":"https:\/\/blog.polityka.pl\/adamczewski\/2008\/03\/13\/mazurek-marmurek\/","title":{"rendered":"Mazurek-marmurek"},"content":{"rendered":"<p><em>P\u00f3\u0142torej szklanki m\u0105ki, 5 jaj, szklanka z czubem cukru, p\u00f3\u0142 kostki mas\u0142a, 2 \u0142y\u017cki kakao, \u0142y\u017ceczka proszku do pieczenia, \u0142y\u017cka mleka, szczypta soli, 2 \u0142y\u017cki kakao. Do wysmarowania blaszki: \u0142y\u017cka mas\u0142a. Do wysypania blaszki: \u0142y\u017cka tartej bu\u0142ki.<\/em><\/p>\n<p>1. Blaszk\u0119 wielko\u015bci 25&#215;30 cm wysmarowa\u0107 mas\u0142em, wysypa\u0107 tart\u0105 bu\u0142k\u0105.<br \/>\n2. Jaja, cukier, szczypt\u0119 soli utrze\u0107 mikserem, dodawa\u0107 powoli m\u0105k\u0119 z proszkiem do pieczenia, na koniec wla\u0107 roztopione mas\u0142o i wymiesza\u0107, ju\u017c nie ucieraj\u0105c.<br \/>\n3. Wyla\u0107 po\u0142ow\u0119 ciasta na blaszk\u0119, do drugiej po\u0142owy doda\u0107 kakao i  wymiesza\u0107.<br \/>\n4. Wlewa\u0107 ciemne ciasto do blaszki  na jasne, robi\u0105c k\u00f3\u0142ka czy jakiekolwiek wzorki.<br \/>\n5. Upiec w temperaturze 180 st C. Kiedy ciasto stanie si\u0119 z\u0142ociste &#8211; jest gotowe.<\/p>\n<p>Mo\u017cna je przybra\u0107 konfitur\u0105 lub posypa\u0107 cukrem pudrem.<\/p>\n","protected":false},"excerpt":{"rendered":"<p>P\u00f3\u0142torej szklanki m\u0105ki, 5 jaj, szklanka z czubem cukru, p\u00f3\u0142 kostki mas\u0142a, 2 \u0142y\u017cki kakao, \u0142y\u017ceczka proszku do pieczenia, \u0142y\u017cka mleka, szczypta soli, 2 \u0142y\u017cki kakao. Do wysmarowania blaszki: \u0142y\u017cka mas\u0142a. Do wysypania blaszki: \u0142y\u017cka tartej bu\u0142ki. 1. Blaszk\u0119 wielko\u015bci 25&#215;30 cm wysmarowa\u0107 mas\u0142em, wysypa\u0107 tart\u0105 bu\u0142k\u0105. 2. Jaja, cukier, szczypt\u0119 soli utrze\u0107 mikserem, dodawa\u0107 [&hellip;]<\/p>\n","protected":false},"author":2,"featured_media":0,"comment_status":"open","ping_status":"open","sticky":false,"template":"","format":"standard","meta":{"footnotes":""},"categories":[1],"tags":[],"_links":{"self":[{"href":"https:\/\/blog.polityka.pl\/adamczewski\/wp-json\/wp\/v2\/posts\/9807"}],"collection":[{"href":"https:\/\/blog.polityka.pl\/adamczewski\/wp-json\/wp\/v2\/posts"}],"about":[{"href":"https:\/\/blog.polityka.pl\/adamczewski\/wp-json\/wp\/v2\/types\/post"}],"author":[{"embeddable":true,"href":"https:\/\/blog.polityka.pl\/adamczewski\/wp-json\/wp\/v2\/users\/2"}],"replies":[{"embeddable":true,"href":"https:\/\/blog.polityka.pl\/adamczewski\/wp-json\/wp\/v2\/comments?post=9807"}],"version-history":[{"count":0,"href":"https:\/\/blog.polityka.pl\/adamczewski\/wp-json\/wp\/v2\/posts\/9807\/revisions"}],"wp:attachment":[{"href":"https:\/\/blog.polityka.pl\/adamczewski\/wp-json\/wp\/v2\/media?parent=9807"}],"wp:term":[{"taxonomy":"category","embeddable":true,"href":"https:\/\/blog.polityka.pl\/adamczewski\/wp-json\/wp\/v2\/categories?post=9807"},{"taxonomy":"post_tag","embeddable":true,"href":"https:\/\/blog.polityka.pl\/adamczewski\/wp-json\/wp\/v2\/tags?post=9807"}],"curies":[{"name":"wp","href":"https:\/\/api.w.org\/{rel}","templated":true}]}}