
{"id":9808,"date":"2008-03-13T12:52:00","date_gmt":"2008-03-13T11:52:00","guid":{"rendered":"http:\/\/adamczewscy.pl\/?p=1914"},"modified":"2008-03-13T12:52:00","modified_gmt":"2008-03-13T11:52:00","slug":"mazurek-cyganski","status":"publish","type":"post","link":"https:\/\/blog.polityka.pl\/adamczewski\/2008\/03\/13\/mazurek-cyganski\/","title":{"rendered":"Mazurek cyga\u0144ski"},"content":{"rendered":"<p><em>4 jaja, 4 \u0142y\u017cki m\u0105ki, 5 \u0142y\u017cek cukru, po 10 dag migda\u0142\u00f3w, orzech\u00f3w, rodzynek i sk\u00f3rki pomara\u0144czowej lub krojonych daktyli i fig. 2 wafle do wy\u0142o\u017cenia dna formy.<\/em><\/p>\n<p>1. Wy\u0142o\u017cy\u0107 waflami dno formy.<br \/>\n2. \u017b\u00f3\u0142tka utrze\u0107 z 4 \u0142y\u017ckami cukru, doda\u0107 m\u0105k\u0119 i \u0142y\u017ck\u0119 zimnej wody, pian\u0119  z bia\u0142ek  ubit\u0105  z \u0142y\u017ck\u0105 cukru.<br \/>\n3. Do ciasta doda\u0107 wszystkie bakalie, wymiesza\u0107. Roz\u0142o\u017cy\u0107 ciasto r\u00f3wn\u0105 warstw\u0105 na waflach.<br \/>\nUpiec w \u015brednio nagrzanym piekarniku (170 st C).<br \/>\nPodawa\u0107 mazurek pokrojony w kawa\u0142ki wielko\u015bci wskazuj\u0105cego palca.<\/p>\n","protected":false},"excerpt":{"rendered":"<p>4 jaja, 4 \u0142y\u017cki m\u0105ki, 5 \u0142y\u017cek cukru, po 10 dag migda\u0142\u00f3w, orzech\u00f3w, rodzynek i sk\u00f3rki pomara\u0144czowej lub krojonych daktyli i fig. 2 wafle do wy\u0142o\u017cenia dna formy. 1. Wy\u0142o\u017cy\u0107 waflami dno formy. 2. \u017b\u00f3\u0142tka utrze\u0107 z 4 \u0142y\u017ckami cukru, doda\u0107 m\u0105k\u0119 i \u0142y\u017ck\u0119 zimnej wody, pian\u0119 z bia\u0142ek ubit\u0105 z \u0142y\u017ck\u0105 cukru. 3. Do [&hellip;]<\/p>\n","protected":false},"author":2,"featured_media":0,"comment_status":"open","ping_status":"open","sticky":false,"template":"","format":"standard","meta":{"footnotes":""},"categories":[1],"tags":[],"_links":{"self":[{"href":"https:\/\/blog.polityka.pl\/adamczewski\/wp-json\/wp\/v2\/posts\/9808"}],"collection":[{"href":"https:\/\/blog.polityka.pl\/adamczewski\/wp-json\/wp\/v2\/posts"}],"about":[{"href":"https:\/\/blog.polityka.pl\/adamczewski\/wp-json\/wp\/v2\/types\/post"}],"author":[{"embeddable":true,"href":"https:\/\/blog.polityka.pl\/adamczewski\/wp-json\/wp\/v2\/users\/2"}],"replies":[{"embeddable":true,"href":"https:\/\/blog.polityka.pl\/adamczewski\/wp-json\/wp\/v2\/comments?post=9808"}],"version-history":[{"count":0,"href":"https:\/\/blog.polityka.pl\/adamczewski\/wp-json\/wp\/v2\/posts\/9808\/revisions"}],"wp:attachment":[{"href":"https:\/\/blog.polityka.pl\/adamczewski\/wp-json\/wp\/v2\/media?parent=9808"}],"wp:term":[{"taxonomy":"category","embeddable":true,"href":"https:\/\/blog.polityka.pl\/adamczewski\/wp-json\/wp\/v2\/categories?post=9808"},{"taxonomy":"post_tag","embeddable":true,"href":"https:\/\/blog.polityka.pl\/adamczewski\/wp-json\/wp\/v2\/tags?post=9808"}],"curies":[{"name":"wp","href":"https:\/\/api.w.org\/{rel}","templated":true}]}}