
{"id":9809,"date":"2008-03-13T12:53:24","date_gmt":"2008-03-13T11:53:24","guid":{"rendered":"http:\/\/adamczewscy.pl\/?p=1915"},"modified":"2008-03-13T12:53:24","modified_gmt":"2008-03-13T11:53:24","slug":"jajka-faszerowane-feta","status":"publish","type":"post","link":"https:\/\/blog.polityka.pl\/adamczewski\/2008\/03\/13\/jajka-faszerowane-feta\/","title":{"rendered":"Jajka faszerowane fet\u0105"},"content":{"rendered":"<p><em>8 jaj na twardo, 10-15 dag fety, 2 \u0142y\u017cki mas\u0142a, 2 \u0142y\u017cki kwa\u015bnej \u015bmietany 30 proc. s\u00f3l, bia\u0142y pieprz, do przybrania: \u0142y\u017cka posiekanych listk\u00f3w kolendry.<\/em><\/p>\n<p>1. Jajka obra\u0107 ze skorupek, przekroi\u0107 na po\u0142\u00f3wki, wyj\u0105\u0107 \u017c\u00f3\u0142tka.<br \/>\n2. \u017b\u00f3\u0142tka utrze\u0107 z rozdrobnion\u0105 fet\u0105, mas\u0142em i \u015bmietan\u0105, doprawi\u0107 pieprzem i ostro\u017cnie sol\u0105.<br \/>\n3. W otwory w bia\u0142kach powk\u0142ada\u0107 mas\u0119 serowo &#8211; \u017c\u00f3\u0142tkow\u0105, rozsmarowa\u0107 j\u0105 na ca\u0142y wierzch jajek.<br \/>\n4. Zapiec w piekarniku na rumiano. Przybra\u0107 listkami kolendry.<\/p>\n","protected":false},"excerpt":{"rendered":"<p>8 jaj na twardo, 10-15 dag fety, 2 \u0142y\u017cki mas\u0142a, 2 \u0142y\u017cki kwa\u015bnej \u015bmietany 30 proc. s\u00f3l, bia\u0142y pieprz, do przybrania: \u0142y\u017cka posiekanych listk\u00f3w kolendry. 1. Jajka obra\u0107 ze skorupek, przekroi\u0107 na po\u0142\u00f3wki, wyj\u0105\u0107 \u017c\u00f3\u0142tka. 2. \u017b\u00f3\u0142tka utrze\u0107 z rozdrobnion\u0105 fet\u0105, mas\u0142em i \u015bmietan\u0105, doprawi\u0107 pieprzem i ostro\u017cnie sol\u0105. 3. W otwory w bia\u0142kach powk\u0142ada\u0107 [&hellip;]<\/p>\n","protected":false},"author":2,"featured_media":0,"comment_status":"open","ping_status":"open","sticky":false,"template":"","format":"standard","meta":{"footnotes":""},"categories":[1],"tags":[],"_links":{"self":[{"href":"https:\/\/blog.polityka.pl\/adamczewski\/wp-json\/wp\/v2\/posts\/9809"}],"collection":[{"href":"https:\/\/blog.polityka.pl\/adamczewski\/wp-json\/wp\/v2\/posts"}],"about":[{"href":"https:\/\/blog.polityka.pl\/adamczewski\/wp-json\/wp\/v2\/types\/post"}],"author":[{"embeddable":true,"href":"https:\/\/blog.polityka.pl\/adamczewski\/wp-json\/wp\/v2\/users\/2"}],"replies":[{"embeddable":true,"href":"https:\/\/blog.polityka.pl\/adamczewski\/wp-json\/wp\/v2\/comments?post=9809"}],"version-history":[{"count":0,"href":"https:\/\/blog.polityka.pl\/adamczewski\/wp-json\/wp\/v2\/posts\/9809\/revisions"}],"wp:attachment":[{"href":"https:\/\/blog.polityka.pl\/adamczewski\/wp-json\/wp\/v2\/media?parent=9809"}],"wp:term":[{"taxonomy":"category","embeddable":true,"href":"https:\/\/blog.polityka.pl\/adamczewski\/wp-json\/wp\/v2\/categories?post=9809"},{"taxonomy":"post_tag","embeddable":true,"href":"https:\/\/blog.polityka.pl\/adamczewski\/wp-json\/wp\/v2\/tags?post=9809"}],"curies":[{"name":"wp","href":"https:\/\/api.w.org\/{rel}","templated":true}]}}