
{"id":9812,"date":"2008-03-13T12:57:21","date_gmt":"2008-03-13T11:57:21","guid":{"rendered":"http:\/\/adamczewscy.pl\/?p=1918"},"modified":"2008-03-13T12:57:21","modified_gmt":"2008-03-13T11:57:21","slug":"fenkul-smazony","status":"publish","type":"post","link":"https:\/\/blog.polityka.pl\/adamczewski\/2008\/03\/13\/fenkul-smazony\/","title":{"rendered":"Fenku\u0142 sma\u017cony"},"content":{"rendered":"<p><em>(4-6 porcji)<\/p>\n<p>2 du\u017ce bulwy fenku\u0142u, jajko, p\u00f3\u0142 szklanki tartej bu\u0142ki, p\u00f3\u0142 szklanki oleju do sma\u017cenia, s\u00f3l, pieprz, 2 \u0142y\u017cki siekanej zielonej pietruszki.<\/em><\/p>\n<p>1. Bulwy fenku\u0142u pokroi\u0107 w plastry, usuwaj\u0105c twardy g\u0142\u0105bik ze \u015brodka.<br \/>\n2. Zagotowa\u0107 wod\u0119 z sol\u0105, obgotowa\u0107 przez 10 minut fenku\u0142, ods\u0105czy\u0107.<br \/>\n3. Macza\u0107 ka\u017cdy plaster w rozbitym jajku, nast\u0119pnie w tartej bu\u0142ce i sma\u017cy\u0107 w rozgrzanym oleju.<br \/>\n4. Posypa\u0107 siekan\u0105 zielon\u0105 pietruszk\u0105 i podawa\u0107 jako obiadowe danie dla amator\u00f3w jarskiej kuchni.<\/p>\n","protected":false},"excerpt":{"rendered":"<p>(4-6 porcji) 2 du\u017ce bulwy fenku\u0142u, jajko, p\u00f3\u0142 szklanki tartej bu\u0142ki, p\u00f3\u0142 szklanki oleju do sma\u017cenia, s\u00f3l, pieprz, 2 \u0142y\u017cki siekanej zielonej pietruszki. 1. Bulwy fenku\u0142u pokroi\u0107 w plastry, usuwaj\u0105c twardy g\u0142\u0105bik ze \u015brodka. 2. Zagotowa\u0107 wod\u0119 z sol\u0105, obgotowa\u0107 przez 10 minut fenku\u0142, ods\u0105czy\u0107. 3. Macza\u0107 ka\u017cdy plaster w rozbitym jajku, nast\u0119pnie w tartej [&hellip;]<\/p>\n","protected":false},"author":2,"featured_media":0,"comment_status":"open","ping_status":"open","sticky":false,"template":"","format":"standard","meta":{"footnotes":""},"categories":[1],"tags":[],"_links":{"self":[{"href":"https:\/\/blog.polityka.pl\/adamczewski\/wp-json\/wp\/v2\/posts\/9812"}],"collection":[{"href":"https:\/\/blog.polityka.pl\/adamczewski\/wp-json\/wp\/v2\/posts"}],"about":[{"href":"https:\/\/blog.polityka.pl\/adamczewski\/wp-json\/wp\/v2\/types\/post"}],"author":[{"embeddable":true,"href":"https:\/\/blog.polityka.pl\/adamczewski\/wp-json\/wp\/v2\/users\/2"}],"replies":[{"embeddable":true,"href":"https:\/\/blog.polityka.pl\/adamczewski\/wp-json\/wp\/v2\/comments?post=9812"}],"version-history":[{"count":0,"href":"https:\/\/blog.polityka.pl\/adamczewski\/wp-json\/wp\/v2\/posts\/9812\/revisions"}],"wp:attachment":[{"href":"https:\/\/blog.polityka.pl\/adamczewski\/wp-json\/wp\/v2\/media?parent=9812"}],"wp:term":[{"taxonomy":"category","embeddable":true,"href":"https:\/\/blog.polityka.pl\/adamczewski\/wp-json\/wp\/v2\/categories?post=9812"},{"taxonomy":"post_tag","embeddable":true,"href":"https:\/\/blog.polityka.pl\/adamczewski\/wp-json\/wp\/v2\/tags?post=9812"}],"curies":[{"name":"wp","href":"https:\/\/api.w.org\/{rel}","templated":true}]}}