
{"id":9813,"date":"2008-03-13T12:58:18","date_gmt":"2008-03-13T11:58:18","guid":{"rendered":"http:\/\/adamczewscy.pl\/?p=1919"},"modified":"2008-03-13T12:58:18","modified_gmt":"2008-03-13T11:58:18","slug":"baklazan-pod-pierzynka","status":"publish","type":"post","link":"https:\/\/blog.polityka.pl\/adamczewski\/2008\/03\/13\/baklazan-pod-pierzynka\/","title":{"rendered":"Bak\u0142a\u017can pod pierzynk\u0105"},"content":{"rendered":"<p><em>(8 porcji) <\/em><em>2 bak\u0142a\u017cany, 3 pomidory, 30-40 dag mozzarelli, po \u0142y\u017cce siekanej bazylii, oregano i tymianku, 5 \u0142y\u017cek oliwy lub dobrego oleju, s\u00f3l, \u015bwie\u017co zmielony pieprz.<\/em><\/p>\n<p>1. Bak\u0142a\u017cany pokroi\u0107 wzd\u0142u\u017c na plastry grubo\u015bci do 1 cm, pomidory pokroi\u0107 na plasterki, ser tak\u017ce.<br \/>\n2. Bak\u0142a\u017cany posoli\u0107 i odstawi\u0107 na 20 minut, nast\u0119pnie wytrze\u0107 je papierowym r\u0119cznikiem, nak\u0142ada\u0107 na ka\u017cdy plaster pomidory posypane po trochu bazyli\u0105, oregano i tymiankiem, pieprzem i sol\u0105, a na wierzch uk\u0142ada\u0107 po plasterku sera.<br \/>\n3. Zapieka\u0107 w piekarniku o temperaturze 180 st C oko\u0142o 15 minut.<\/p>\n","protected":false},"excerpt":{"rendered":"<p>(8 porcji) 2 bak\u0142a\u017cany, 3 pomidory, 30-40 dag mozzarelli, po \u0142y\u017cce siekanej bazylii, oregano i tymianku, 5 \u0142y\u017cek oliwy lub dobrego oleju, s\u00f3l, \u015bwie\u017co zmielony pieprz. 1. Bak\u0142a\u017cany pokroi\u0107 wzd\u0142u\u017c na plastry grubo\u015bci do 1 cm, pomidory pokroi\u0107 na plasterki, ser tak\u017ce. 2. Bak\u0142a\u017cany posoli\u0107 i odstawi\u0107 na 20 minut, nast\u0119pnie wytrze\u0107 je papierowym r\u0119cznikiem, [&hellip;]<\/p>\n","protected":false},"author":2,"featured_media":0,"comment_status":"open","ping_status":"open","sticky":false,"template":"","format":"standard","meta":{"footnotes":""},"categories":[1],"tags":[],"_links":{"self":[{"href":"https:\/\/blog.polityka.pl\/adamczewski\/wp-json\/wp\/v2\/posts\/9813"}],"collection":[{"href":"https:\/\/blog.polityka.pl\/adamczewski\/wp-json\/wp\/v2\/posts"}],"about":[{"href":"https:\/\/blog.polityka.pl\/adamczewski\/wp-json\/wp\/v2\/types\/post"}],"author":[{"embeddable":true,"href":"https:\/\/blog.polityka.pl\/adamczewski\/wp-json\/wp\/v2\/users\/2"}],"replies":[{"embeddable":true,"href":"https:\/\/blog.polityka.pl\/adamczewski\/wp-json\/wp\/v2\/comments?post=9813"}],"version-history":[{"count":0,"href":"https:\/\/blog.polityka.pl\/adamczewski\/wp-json\/wp\/v2\/posts\/9813\/revisions"}],"wp:attachment":[{"href":"https:\/\/blog.polityka.pl\/adamczewski\/wp-json\/wp\/v2\/media?parent=9813"}],"wp:term":[{"taxonomy":"category","embeddable":true,"href":"https:\/\/blog.polityka.pl\/adamczewski\/wp-json\/wp\/v2\/categories?post=9813"},{"taxonomy":"post_tag","embeddable":true,"href":"https:\/\/blog.polityka.pl\/adamczewski\/wp-json\/wp\/v2\/tags?post=9813"}],"curies":[{"name":"wp","href":"https:\/\/api.w.org\/{rel}","templated":true}]}}