
{"id":9816,"date":"2008-03-13T13:15:09","date_gmt":"2008-03-13T12:15:09","guid":{"rendered":"http:\/\/adamczewscy.pl\/?p=1922"},"modified":"2008-03-13T13:15:09","modified_gmt":"2008-03-13T12:15:09","slug":"wielkanocny-pomocnik","status":"publish","type":"post","link":"https:\/\/blog.polityka.pl\/adamczewski\/2008\/03\/13\/wielkanocny-pomocnik\/","title":{"rendered":"Wielkanocny pomocnik"},"content":{"rendered":"<p>Oczywi\u015bcie w innych miejscach naszej internetowej witryny  i w licznych ksi\u0105\u017ckach znale\u017a\u0107 mo\u017cna setki przepis\u00f3w na \u015bwi\u0105teczne przysmaki. Jednak trzeba  po\u015bwi\u0119ci\u0107 na poszukiwania sporo czasu. Proponujemy nasze ostatnie kulinarne do\u015bwiadczenia, ostatnio poznane smaki, kt\u00f3re wyda\u0142y nam si\u0119 godne by urozmaici\u0107 nimi Pa\u0144stwa st\u00f3\u0142. Proponujemy kilkana\u015bcie zupe\u0142nie nowych przepis\u00f3w. Z pewno\u015bci\u0105  w te dni przydadz\u0105 si\u0119 Pa\u0144stwu. Zaplanujcie \u015bwi\u0105teczne menu bior\u0105c pod uwag\u0119 nasze propozycje.<br \/>\nProsimy tak\u017ce o informacje, kt\u00f3re przepisy przypad\u0142y Pa\u0144stwu szczeg\u00f3lnie do gustu. B\u0119dzie nam mi\u0142o, je\u015bli  polubicie to, co i my.<\/p>\n<blockquote>\n<blockquote>\n<blockquote>\n<blockquote>\n<blockquote>\n<blockquote>\n<blockquote>\n<blockquote><p>Barbara i Piotr Adamczewscy<\/p><\/blockquote>\n<\/blockquote>\n<\/blockquote>\n<\/blockquote>\n<\/blockquote>\n<\/blockquote>\n<\/blockquote>\n<\/blockquote>\n<p><strong>Dania mi\u0119sne  na zimno i na ciep\u0142o<\/strong><\/p>\n<p>W te \u015bwi\u0119ta szczeg\u00f3lnie wiele podaje si\u0119 mi\u0119s &#8211; taka tradycja. Warto pomy\u015ble\u0107 o zupe\u0142nie nowych, nie wypr\u00f3bowanych dot\u0105d przepisach, o niecodziennych produktach i &#8211; niecodziennych efektach.<br \/>\nAle i z tych  produkt\u00f3w, kt\u00f3re cz\u0119sto goszcz\u0105 na naszych sto\u0142ach, mo\u017cna wyczarowa\u0107 niezwyk\u0142e, pyszne dania, do czego zapraszamy.<\/p>\n<p><a HREF=\"http:\/\/adamczewscy.pl\/?p=1917\">Filet z kurczaka zapiekany ze szpinakiem<\/a><br \/>\n<a HREF=\"http:\/\/adamczewscy.pl\/?p=1906\">Francuski pasztet wiejski<\/a><br \/>\n<a HREF=\"http:\/\/adamczewscy.pl\/?p=1905\">G\u0119\u015b nadziewana kasz\u0105 z grzybami<\/a><br \/>\n<a HREF=\"http:\/\/adamczewscy.pl\/?p=1904\">Kaczka faszerowana<\/a><br \/>\n<a HREF=\"http:\/\/adamczewscy.pl\/?p=1903\">Kaczka pieczona z owocami<\/a><br \/>\n<a HREF=\"http:\/\/adamczewscy.pl\/?p=1909\">Piersi indycze w sosie z mango<\/a><br \/>\n<a HREF=\"http:\/\/adamczewscy.pl\/?p=1908\">Pol\u0119dwica z ro\u017cna<\/a><br \/>\n<a HREF=\"http:\/\/adamczewscy.pl\/?p=1902\">Rolada z kropk\u0105<\/a><br \/>\n<a HREF=\"http:\/\/adamczewscy.pl\/?p=1901\">Schab w galarecie<\/a><br \/>\n<a HREF=\"http:\/\/adamczewscy.pl\/?p=1900\">Szynka \u015bwi\u0105teczna inaczej<\/a><\/p>\n<p><strong>R\u00f3\u017cno\u015bci na wielkanocny st\u00f3\u0142<\/strong><br \/>\nTe \u015bwi\u0119ta  kojarz\u0105 nam si\u0119 raczej z posi\u0142kami mi\u0119snymi, urozmaiconymi, pachn\u0105cymi, na kt\u00f3re nabieramy ochoty w tygodniu przed\u015bwi\u0105tecznym. Nie zawsze mamy pomys\u0142y, aby przygotowa\u0107 jeszcze co\u015b, jakie\u015b danie dla jaroszy czy po prostu dobr\u0105 zup\u0119. A mo\u017ce warto?<\/p>\n<p><a HREF=\"http:\/\/adamczewscy.pl\/?p=1919\">Bak\u0142a\u017can pod pierzynk\u0105<\/a><br \/>\n<a HREF=\"http:\/\/adamczewscy.pl\/?p=1918\">Fenku\u0142 sma\u017cony<\/a><br \/>\n<a HREF=\"http:\/\/adamczewscy.pl\/?p=1915\">Jajka faszerowane fet\u0105<\/a><br \/>\n<a HREF=\"http:\/\/adamczewscy.pl\/?p=1907\">Zupa wiosenna z zielonych og\u00f3rk\u00f3w<\/a><\/p>\n<p><strong>Ciasta i mazurki<\/strong><\/p>\n<p><a HREF=\"http:\/\/adamczewscy.pl\/?p=1920\">Baba puchowa<\/a><br \/>\n<a HREF=\"http:\/\/adamczewscy.pl\/?p=1916\">Gotowany sernik<\/a><br \/>\n<a HREF=\"http:\/\/adamczewscy.pl\/?p=1914\">Mazurek cyga\u0144ski<\/a><br \/>\n<a HREF=\"http:\/\/adamczewscy.pl\/?p=1913\">Mazurek-marmurek<\/a><br \/>\n<a HREF=\"http:\/\/adamczewscy.pl\/?p=1912\">Mazurek pomara\u0144czowy<\/a><br \/>\n<a HREF=\"http:\/\/adamczewscy.pl\/?p=1911\">Miodowy mazurek<\/a><br \/>\n<a HREF=\"http:\/\/adamczewscy.pl\/?p=1910\">Pascha<\/a><br \/>\n<a HREF=\"http:\/\/adamczewscy.pl\/?p=1921\">S\u0119kacz wielkanocny<\/a><\/p>\n","protected":false},"excerpt":{"rendered":"<p>Oczywi\u015bcie w innych miejscach naszej internetowej witryny i w licznych ksi\u0105\u017ckach znale\u017a\u0107 mo\u017cna setki przepis\u00f3w na \u015bwi\u0105teczne przysmaki. Jednak trzeba po\u015bwi\u0119ci\u0107 na poszukiwania sporo czasu. Proponujemy nasze ostatnie kulinarne do\u015bwiadczenia, ostatnio poznane smaki, kt\u00f3re wyda\u0142y nam si\u0119 godne by urozmaici\u0107 nimi Pa\u0144stwa st\u00f3\u0142. Proponujemy kilkana\u015bcie zupe\u0142nie nowych przepis\u00f3w. Z pewno\u015bci\u0105 w te dni przydadz\u0105 si\u0119 [&hellip;]<\/p>\n","protected":false},"author":2,"featured_media":0,"comment_status":"open","ping_status":"open","sticky":false,"template":"","format":"standard","meta":{"footnotes":""},"categories":[1],"tags":[],"_links":{"self":[{"href":"https:\/\/blog.polityka.pl\/adamczewski\/wp-json\/wp\/v2\/posts\/9816"}],"collection":[{"href":"https:\/\/blog.polityka.pl\/adamczewski\/wp-json\/wp\/v2\/posts"}],"about":[{"href":"https:\/\/blog.polityka.pl\/adamczewski\/wp-json\/wp\/v2\/types\/post"}],"author":[{"embeddable":true,"href":"https:\/\/blog.polityka.pl\/adamczewski\/wp-json\/wp\/v2\/users\/2"}],"replies":[{"embeddable":true,"href":"https:\/\/blog.polityka.pl\/adamczewski\/wp-json\/wp\/v2\/comments?post=9816"}],"version-history":[{"count":0,"href":"https:\/\/blog.polityka.pl\/adamczewski\/wp-json\/wp\/v2\/posts\/9816\/revisions"}],"wp:attachment":[{"href":"https:\/\/blog.polityka.pl\/adamczewski\/wp-json\/wp\/v2\/media?parent=9816"}],"wp:term":[{"taxonomy":"category","embeddable":true,"href":"https:\/\/blog.polityka.pl\/adamczewski\/wp-json\/wp\/v2\/categories?post=9816"},{"taxonomy":"post_tag","embeddable":true,"href":"https:\/\/blog.polityka.pl\/adamczewski\/wp-json\/wp\/v2\/tags?post=9816"}],"curies":[{"name":"wp","href":"https:\/\/api.w.org\/{rel}","templated":true}]}}