
{"id":9817,"date":"2008-03-16T19:46:29","date_gmt":"2008-03-16T18:46:29","guid":{"rendered":"http:\/\/adamczewscy.pl\/?p=1925"},"modified":"2008-03-16T19:46:29","modified_gmt":"2008-03-16T18:46:29","slug":"zupa-fasolowo-pomidorowa","status":"publish","type":"post","link":"https:\/\/blog.polityka.pl\/adamczewski\/2008\/03\/16\/zupa-fasolowo-pomidorowa\/","title":{"rendered":"Zupa fasolowo-pomidorowa"},"content":{"rendered":"<p><em>(4 porcje)<\/p>\n<p>Puszka bia\u0142ej fasoli konserwowej (450-gramowa), 3 szklanki roso\u0142u warzywnego, cebula, z\u0105bek czosnku, 3 \u0142y\u017cki oliwy z oliwek, 4 pomidory, s\u00f3l, pieprz do smaku, \u0142y\u017ceczka siekanej \u015bwie\u017cej bazylii.<\/em><\/p>\n<p>1. Fasol\u0119 odcedzi\u0107, przep\u0142uka\u0107 wod\u0105 na durszlaku.<br \/>\n2. Oliw\u0119 rozgrza\u0107 w garnku. Cebul\u0119 drobno posieka\u0107, czosnek przecisn\u0105\u0107 przez prask\u0119,  zeszkli\u0107 na oliwie.<br \/>\n3. Pomidory sparzy\u0107 i obra\u0107 ze sk\u00f3rki Doda\u0107 do cebuli z czosnkiem, chwil\u0119 razem sma\u017cy\u0107, po czym wla\u0107 ros\u00f3\u0142 i zmiksowa\u0107.<br \/>\n4. Do zupy doda\u0107 fasol\u0119 i razem gotowa\u0107 5 minut.<br \/>\n5. Posypa\u0107 zup\u0119 siekana bazyli\u0105.<\/p>\n","protected":false},"excerpt":{"rendered":"<p>(4 porcje) Puszka bia\u0142ej fasoli konserwowej (450-gramowa), 3 szklanki roso\u0142u warzywnego, cebula, z\u0105bek czosnku, 3 \u0142y\u017cki oliwy z oliwek, 4 pomidory, s\u00f3l, pieprz do smaku, \u0142y\u017ceczka siekanej \u015bwie\u017cej bazylii. 1. Fasol\u0119 odcedzi\u0107, przep\u0142uka\u0107 wod\u0105 na durszlaku. 2. Oliw\u0119 rozgrza\u0107 w garnku. Cebul\u0119 drobno posieka\u0107, czosnek przecisn\u0105\u0107 przez prask\u0119, zeszkli\u0107 na oliwie. 3. Pomidory sparzy\u0107 i [&hellip;]<\/p>\n","protected":false},"author":2,"featured_media":0,"comment_status":"open","ping_status":"open","sticky":false,"template":"","format":"standard","meta":{"footnotes":""},"categories":[1],"tags":[],"_links":{"self":[{"href":"https:\/\/blog.polityka.pl\/adamczewski\/wp-json\/wp\/v2\/posts\/9817"}],"collection":[{"href":"https:\/\/blog.polityka.pl\/adamczewski\/wp-json\/wp\/v2\/posts"}],"about":[{"href":"https:\/\/blog.polityka.pl\/adamczewski\/wp-json\/wp\/v2\/types\/post"}],"author":[{"embeddable":true,"href":"https:\/\/blog.polityka.pl\/adamczewski\/wp-json\/wp\/v2\/users\/2"}],"replies":[{"embeddable":true,"href":"https:\/\/blog.polityka.pl\/adamczewski\/wp-json\/wp\/v2\/comments?post=9817"}],"version-history":[{"count":0,"href":"https:\/\/blog.polityka.pl\/adamczewski\/wp-json\/wp\/v2\/posts\/9817\/revisions"}],"wp:attachment":[{"href":"https:\/\/blog.polityka.pl\/adamczewski\/wp-json\/wp\/v2\/media?parent=9817"}],"wp:term":[{"taxonomy":"category","embeddable":true,"href":"https:\/\/blog.polityka.pl\/adamczewski\/wp-json\/wp\/v2\/categories?post=9817"},{"taxonomy":"post_tag","embeddable":true,"href":"https:\/\/blog.polityka.pl\/adamczewski\/wp-json\/wp\/v2\/tags?post=9817"}],"curies":[{"name":"wp","href":"https:\/\/api.w.org\/{rel}","templated":true}]}}