
{"id":9818,"date":"2008-03-16T19:47:16","date_gmt":"2008-03-16T18:47:16","guid":{"rendered":"http:\/\/adamczewscy.pl\/?p=1926"},"modified":"2008-03-16T19:47:16","modified_gmt":"2008-03-16T18:47:16","slug":"fasola-po-polsku","status":"publish","type":"post","link":"https:\/\/blog.polityka.pl\/adamczewski\/2008\/03\/16\/fasola-po-polsku\/","title":{"rendered":"Fasola po polsku"},"content":{"rendered":"<p><em>(4 porcje)<\/p>\n<p>25 dag fasoli Ja\u015b, cebula, 15 dag kie\u0142basy, plaster w\u0119dzonego boczku, \u0142y\u017cka mas\u0142a, \u0142y\u017ceczka m\u0105ki, p\u00f3\u0142torej szklanki roso\u0142u warzywnego z kostki, \u0142y\u017cka miodu, \u0142y\u017cka drobnych rodzynek, sok z po\u0142owy cytryny, z\u0105bek czosnku, s\u00f3l, pieprz.<\/em><\/p>\n<p>1. W przeddzie\u0144 namoczy\u0107 fasol\u0119. Ugotowa\u0107. Pod koniec posoli\u0107.<br \/>\n2. Z mas\u0142a i m\u0105ki zrobi\u0107 zasma\u017ck\u0119, kiedy spieni si\u0119 i zbieleje wla\u0107 ros\u00f3\u0142 warzywny i zagotowa\u0107.<br \/>\n3. Pokroi\u0107 drobno boczek. Podsma\u017cy\u0107, doda\u0107 pokrojon\u0105 w kr\u0105\u017cki kie\u0142bas\u0119 i posiekan\u0105 bardzo drobno cebul\u0119. Mieszaj\u0105c sma\u017cy\u0107 razem 5 minut. Doda\u0107 mi\u00f3d i posiekane rodzynki, doda\u0107 ros\u00f3\u0142 z zasma\u017ck\u0105, pokrojony na plasterki czosnek, s\u00f3l oraz pieprz. Wcisn\u0105\u0107 do potrawy sok cytrynowy oraz ugotowan\u0105 fasol\u0119. Chwil\u0119 razem gotowa\u0107.<\/p>\n","protected":false},"excerpt":{"rendered":"<p>(4 porcje) 25 dag fasoli Ja\u015b, cebula, 15 dag kie\u0142basy, plaster w\u0119dzonego boczku, \u0142y\u017cka mas\u0142a, \u0142y\u017ceczka m\u0105ki, p\u00f3\u0142torej szklanki roso\u0142u warzywnego z kostki, \u0142y\u017cka miodu, \u0142y\u017cka drobnych rodzynek, sok z po\u0142owy cytryny, z\u0105bek czosnku, s\u00f3l, pieprz. 1. W przeddzie\u0144 namoczy\u0107 fasol\u0119. Ugotowa\u0107. Pod koniec posoli\u0107. 2. Z mas\u0142a i m\u0105ki zrobi\u0107 zasma\u017ck\u0119, kiedy spieni si\u0119 [&hellip;]<\/p>\n","protected":false},"author":2,"featured_media":0,"comment_status":"open","ping_status":"open","sticky":false,"template":"","format":"standard","meta":{"footnotes":""},"categories":[1],"tags":[],"_links":{"self":[{"href":"https:\/\/blog.polityka.pl\/adamczewski\/wp-json\/wp\/v2\/posts\/9818"}],"collection":[{"href":"https:\/\/blog.polityka.pl\/adamczewski\/wp-json\/wp\/v2\/posts"}],"about":[{"href":"https:\/\/blog.polityka.pl\/adamczewski\/wp-json\/wp\/v2\/types\/post"}],"author":[{"embeddable":true,"href":"https:\/\/blog.polityka.pl\/adamczewski\/wp-json\/wp\/v2\/users\/2"}],"replies":[{"embeddable":true,"href":"https:\/\/blog.polityka.pl\/adamczewski\/wp-json\/wp\/v2\/comments?post=9818"}],"version-history":[{"count":0,"href":"https:\/\/blog.polityka.pl\/adamczewski\/wp-json\/wp\/v2\/posts\/9818\/revisions"}],"wp:attachment":[{"href":"https:\/\/blog.polityka.pl\/adamczewski\/wp-json\/wp\/v2\/media?parent=9818"}],"wp:term":[{"taxonomy":"category","embeddable":true,"href":"https:\/\/blog.polityka.pl\/adamczewski\/wp-json\/wp\/v2\/categories?post=9818"},{"taxonomy":"post_tag","embeddable":true,"href":"https:\/\/blog.polityka.pl\/adamczewski\/wp-json\/wp\/v2\/tags?post=9818"}],"curies":[{"name":"wp","href":"https:\/\/api.w.org\/{rel}","templated":true}]}}