
{"id":9819,"date":"2008-03-16T19:49:24","date_gmt":"2008-03-16T18:49:24","guid":{"rendered":"http:\/\/adamczewscy.pl\/?p=1927"},"modified":"2008-03-16T19:49:24","modified_gmt":"2008-03-16T18:49:24","slug":"schabowe-z-jablkami","status":"publish","type":"post","link":"https:\/\/blog.polityka.pl\/adamczewski\/2008\/03\/16\/schabowe-z-jablkami\/","title":{"rendered":"Schabowe z jab\u0142kami"},"content":{"rendered":"<p><em>(4 porcje)<\/p>\n<p>4 centymetrowej grubo\u015bci kotlety schabowe bez ko\u015bci, 2 winne jab\u0142ka, 2 cebule, 2 \u0142y\u017cki m\u0105ki, s\u00f3l, pieprz, 3 \u0142y\u017cki oleju do sma\u017cenia, \u0142y\u017ceczka majeranku, spora szczypta melisy, \u0142y\u017ceczka cukru.<\/em><\/p>\n<p>1. Kotlety rozbi\u0107 lekko t\u0142uczkiem do mi\u0119sa, posoli\u0107, posypa\u0107 pieprzem i m\u0105k\u0105.<br \/>\n2. Cebul\u0119 obra\u0107 i pokroi\u0107 w cienkie plastry, podsma\u017cy\u0107 na rozgrzanym oleju, po czym zdj\u0105\u0107 z patelni.<br \/>\n3. Na pozosta\u0142ym na patelni oleju usma\u017cy\u0107 kotlety z obu stron na rumiano. Na ka\u017cdym u\u0142o\u017cy\u0107 porcj\u0119 cebuli.<br \/>\n4. Obra\u0107 jab\u0142ka, przekroi\u0107 na po\u0142\u00f3wki, wykroi\u0107 gniazda nasienne.<br \/>\n5. Na ka\u017cdym kotlecie po\u0142o\u017cy\u0107 po\u0142\u00f3wk\u0119 jab\u0142ka przekrojem do do\u0142u, okrywaj\u0105c w ten spos\u00f3b cebul\u0119. Posypa\u0107 jab\u0142ko cukrem, majerankiem i melis\u0105<br \/>\n6. Podla\u0107 kotlety 3-4 \u0142y\u017ckami wody, zakry\u0107 patelni\u0119 przykrywk\u0105 i dusi\u0107 potraw\u0119 8 minut.<\/p>\n<p>Podawa\u0107 schabowe z ziemniakami puree lub ry\u017cem, z dodatkiem sur\u00f3wki.<\/p>\n","protected":false},"excerpt":{"rendered":"<p>(4 porcje) 4 centymetrowej grubo\u015bci kotlety schabowe bez ko\u015bci, 2 winne jab\u0142ka, 2 cebule, 2 \u0142y\u017cki m\u0105ki, s\u00f3l, pieprz, 3 \u0142y\u017cki oleju do sma\u017cenia, \u0142y\u017ceczka majeranku, spora szczypta melisy, \u0142y\u017ceczka cukru. 1. Kotlety rozbi\u0107 lekko t\u0142uczkiem do mi\u0119sa, posoli\u0107, posypa\u0107 pieprzem i m\u0105k\u0105. 2. Cebul\u0119 obra\u0107 i pokroi\u0107 w cienkie plastry, podsma\u017cy\u0107 na rozgrzanym oleju, [&hellip;]<\/p>\n","protected":false},"author":2,"featured_media":0,"comment_status":"open","ping_status":"open","sticky":false,"template":"","format":"standard","meta":{"footnotes":""},"categories":[1],"tags":[],"_links":{"self":[{"href":"https:\/\/blog.polityka.pl\/adamczewski\/wp-json\/wp\/v2\/posts\/9819"}],"collection":[{"href":"https:\/\/blog.polityka.pl\/adamczewski\/wp-json\/wp\/v2\/posts"}],"about":[{"href":"https:\/\/blog.polityka.pl\/adamczewski\/wp-json\/wp\/v2\/types\/post"}],"author":[{"embeddable":true,"href":"https:\/\/blog.polityka.pl\/adamczewski\/wp-json\/wp\/v2\/users\/2"}],"replies":[{"embeddable":true,"href":"https:\/\/blog.polityka.pl\/adamczewski\/wp-json\/wp\/v2\/comments?post=9819"}],"version-history":[{"count":0,"href":"https:\/\/blog.polityka.pl\/adamczewski\/wp-json\/wp\/v2\/posts\/9819\/revisions"}],"wp:attachment":[{"href":"https:\/\/blog.polityka.pl\/adamczewski\/wp-json\/wp\/v2\/media?parent=9819"}],"wp:term":[{"taxonomy":"category","embeddable":true,"href":"https:\/\/blog.polityka.pl\/adamczewski\/wp-json\/wp\/v2\/categories?post=9819"},{"taxonomy":"post_tag","embeddable":true,"href":"https:\/\/blog.polityka.pl\/adamczewski\/wp-json\/wp\/v2\/tags?post=9819"}],"curies":[{"name":"wp","href":"https:\/\/api.w.org\/{rel}","templated":true}]}}