
{"id":9820,"date":"2008-03-16T19:56:08","date_gmt":"2008-03-16T18:56:08","guid":{"rendered":"http:\/\/adamczewscy.pl\/?p=1928"},"modified":"2008-03-16T19:56:08","modified_gmt":"2008-03-16T18:56:08","slug":"nalesniki-z-farszem-z-kielbasy-i-pieczarek","status":"publish","type":"post","link":"https:\/\/blog.polityka.pl\/adamczewski\/2008\/03\/16\/nalesniki-z-farszem-z-kielbasy-i-pieczarek\/","title":{"rendered":"Nale\u015bniki z farszem z kie\u0142basy i pieczarek"},"content":{"rendered":"<p><em>Na ciasto: p\u00f3\u0142 szklanki m\u0105ki, p\u00f3\u0142 szklanki mleka i p\u00f3\u0142 szklanki gazowanej wody mineralnej, jajko, szczypta soli. Do sma\u017cenia: kilka kropli oleju.<br \/>\nNa farsz: du\u017ca cebula, 20 dag pieczarek, 20 dag kie\u0142basy, 3 \u0142y\u017cki oliwy lub oleju, s\u00f3l, pieprz,  p\u00f3\u0142 szklanki startego \u017c\u00f3\u0142tego sera, 2 \u0142y\u017cki mas\u0142a.<\/em><\/p>\n<p>1. Wymiesza\u0107 dok\u0142adnie sk\u0142adniki ciasta nale\u015bnikowego. Usma\u017cy\u0107 cienkie nale\u015bniki. Powinno by\u0107 ich 10.<br \/>\n2. Posieka\u0107 drobno cebul\u0119, pokroi\u0107 w paski pieczarki a kie\u0142bas\u0119 w kostk\u0119.<br \/>\n3. Rozgrza\u0107 olej, podsma\u017cy\u0107 najpierw cebul\u0119, a kiedy si\u0119 zeszkli, doda\u0107 pieczarki i kie\u0142bas\u0119. Chwil\u0119 razem sma\u017cy\u0107, doprawiaj\u0105c pieprzem i sol\u0105.<br \/>\n4. Nak\u0142ada\u0107 po trochu farszu na nale\u015bniki, zwija\u0107 je w rulon. Uk\u0142ada\u0107 na \u017caroodpornym p\u00f3\u0142misku, pola\u0107 lekko stopionym mas\u0142em, posypa\u0107 startym serem i zapieka\u0107 w piekarniku do momentu, a\u017c ser si\u0119 stopi i zacznie przyrumienia\u0107.<\/p>\n","protected":false},"excerpt":{"rendered":"<p>Na ciasto: p\u00f3\u0142 szklanki m\u0105ki, p\u00f3\u0142 szklanki mleka i p\u00f3\u0142 szklanki gazowanej wody mineralnej, jajko, szczypta soli. Do sma\u017cenia: kilka kropli oleju. Na farsz: du\u017ca cebula, 20 dag pieczarek, 20 dag kie\u0142basy, 3 \u0142y\u017cki oliwy lub oleju, s\u00f3l, pieprz, p\u00f3\u0142 szklanki startego \u017c\u00f3\u0142tego sera, 2 \u0142y\u017cki mas\u0142a. 1. Wymiesza\u0107 dok\u0142adnie sk\u0142adniki ciasta nale\u015bnikowego. Usma\u017cy\u0107 cienkie [&hellip;]<\/p>\n","protected":false},"author":2,"featured_media":0,"comment_status":"open","ping_status":"open","sticky":false,"template":"","format":"standard","meta":{"footnotes":""},"categories":[1],"tags":[],"_links":{"self":[{"href":"https:\/\/blog.polityka.pl\/adamczewski\/wp-json\/wp\/v2\/posts\/9820"}],"collection":[{"href":"https:\/\/blog.polityka.pl\/adamczewski\/wp-json\/wp\/v2\/posts"}],"about":[{"href":"https:\/\/blog.polityka.pl\/adamczewski\/wp-json\/wp\/v2\/types\/post"}],"author":[{"embeddable":true,"href":"https:\/\/blog.polityka.pl\/adamczewski\/wp-json\/wp\/v2\/users\/2"}],"replies":[{"embeddable":true,"href":"https:\/\/blog.polityka.pl\/adamczewski\/wp-json\/wp\/v2\/comments?post=9820"}],"version-history":[{"count":0,"href":"https:\/\/blog.polityka.pl\/adamczewski\/wp-json\/wp\/v2\/posts\/9820\/revisions"}],"wp:attachment":[{"href":"https:\/\/blog.polityka.pl\/adamczewski\/wp-json\/wp\/v2\/media?parent=9820"}],"wp:term":[{"taxonomy":"category","embeddable":true,"href":"https:\/\/blog.polityka.pl\/adamczewski\/wp-json\/wp\/v2\/categories?post=9820"},{"taxonomy":"post_tag","embeddable":true,"href":"https:\/\/blog.polityka.pl\/adamczewski\/wp-json\/wp\/v2\/tags?post=9820"}],"curies":[{"name":"wp","href":"https:\/\/api.w.org\/{rel}","templated":true}]}}