
{"id":9821,"date":"2008-03-16T19:57:02","date_gmt":"2008-03-16T18:57:02","guid":{"rendered":"http:\/\/adamczewscy.pl\/?p=1929"},"modified":"2008-03-16T19:57:02","modified_gmt":"2008-03-16T18:57:02","slug":"jaja-w-ciescie","status":"publish","type":"post","link":"https:\/\/blog.polityka.pl\/adamczewski\/2008\/03\/16\/jaja-w-ciescie\/","title":{"rendered":"Jaja w cie\u015bcie"},"content":{"rendered":"<p><em>(4 porcje)<\/em><em><br \/>\n8 jaj na twardo.<br \/>\nNa ciasto: 5 \u0142y\u017cek m\u0105ki, 0, 3 szklanki mleka, \u0142y\u017cka stopionego mas\u0142a<br \/>\nDo sma\u017cenia : 4 \u0142y\u017cki oleju lub oliwy z oliwek. Do posypania: 2 \u0142y\u017cki siekanej zielonej pietruszki.<\/p>\n<p><\/em><\/p>\n<p>1. Ugotowane na twardo jaja obra\u0107 ze skorupek, poprzekrawa\u0107 na po\u0142\u00f3wki.<br \/>\n2. Przygotowa\u0107 ciasto: wymiesza\u0107 m\u0105k\u0119 z mlekiem i \u017c\u00f3\u0142tkami oraz stopionym mas\u0142em, doda\u0107 ubit\u0105 na sztywno pian\u0119.<br \/>\n3. Rozgrza\u0107 na patelni olej.<br \/>\n4. Ka\u017cd\u0105 po\u0142\u00f3wk\u0119 jajka  zanurza\u0107 w cie\u015bcie, uk\u0142ada\u0107 na rozgrzanym oleju, sma\u017cy\u0107 z obu stron na z\u0142ocisto. Ods\u0105cza\u0107 na warstwie kuchennego papierowego r\u0119cznika.<br \/>\nPotraw\u0119 posypa\u0107 po wierzchu siekana zielona pietruszk\u0105.<\/p>\n<p><em><br \/>\n<\/em><\/p>\n","protected":false},"excerpt":{"rendered":"<p>(4 porcje) 8 jaj na twardo. Na ciasto: 5 \u0142y\u017cek m\u0105ki, 0, 3 szklanki mleka, \u0142y\u017cka stopionego mas\u0142a Do sma\u017cenia : 4 \u0142y\u017cki oleju lub oliwy z oliwek. Do posypania: 2 \u0142y\u017cki siekanej zielonej pietruszki. 1. Ugotowane na twardo jaja obra\u0107 ze skorupek, poprzekrawa\u0107 na po\u0142\u00f3wki. 2. Przygotowa\u0107 ciasto: wymiesza\u0107 m\u0105k\u0119 z mlekiem i \u017c\u00f3\u0142tkami [&hellip;]<\/p>\n","protected":false},"author":2,"featured_media":0,"comment_status":"open","ping_status":"open","sticky":false,"template":"","format":"standard","meta":{"footnotes":""},"categories":[1],"tags":[],"_links":{"self":[{"href":"https:\/\/blog.polityka.pl\/adamczewski\/wp-json\/wp\/v2\/posts\/9821"}],"collection":[{"href":"https:\/\/blog.polityka.pl\/adamczewski\/wp-json\/wp\/v2\/posts"}],"about":[{"href":"https:\/\/blog.polityka.pl\/adamczewski\/wp-json\/wp\/v2\/types\/post"}],"author":[{"embeddable":true,"href":"https:\/\/blog.polityka.pl\/adamczewski\/wp-json\/wp\/v2\/users\/2"}],"replies":[{"embeddable":true,"href":"https:\/\/blog.polityka.pl\/adamczewski\/wp-json\/wp\/v2\/comments?post=9821"}],"version-history":[{"count":0,"href":"https:\/\/blog.polityka.pl\/adamczewski\/wp-json\/wp\/v2\/posts\/9821\/revisions"}],"wp:attachment":[{"href":"https:\/\/blog.polityka.pl\/adamczewski\/wp-json\/wp\/v2\/media?parent=9821"}],"wp:term":[{"taxonomy":"category","embeddable":true,"href":"https:\/\/blog.polityka.pl\/adamczewski\/wp-json\/wp\/v2\/categories?post=9821"},{"taxonomy":"post_tag","embeddable":true,"href":"https:\/\/blog.polityka.pl\/adamczewski\/wp-json\/wp\/v2\/tags?post=9821"}],"curies":[{"name":"wp","href":"https:\/\/api.w.org\/{rel}","templated":true}]}}