
{"id":9822,"date":"2008-03-17T10:58:49","date_gmt":"2008-03-17T09:58:49","guid":{"rendered":"http:\/\/adamczewscy.pl\/?p=1932"},"modified":"2008-03-17T10:58:49","modified_gmt":"2008-03-17T09:58:49","slug":"mazurek-marcepanowy-wedlug-marii-monatowej","status":"publish","type":"post","link":"https:\/\/blog.polityka.pl\/adamczewski\/2008\/03\/17\/mazurek-marcepanowy-wedlug-marii-monatowej\/","title":{"rendered":"Mazurek marcepanowy wed\u0142ug Marii Monatowej"},"content":{"rendered":"<p><em>Na ciasto: 40 dag cukru, 20 dag mielonych migda\u0142\u00f3w (do kupienia w du\u017cych sklepach w dzia\u0142ach z bakaliami), 16 dag (mniej wi\u0119cej 0,75 szklanki) m\u0105ki, 10 dag mas\u0142a, jajo, sok z cytryny. 2 suche wafle do wy\u0142o\u017cenia formy<br \/>\nNa lukier: oko\u0142o p\u00f3\u0142 szklanki cukru pudru i sok z cytryny.<\/em><br \/>\n1. Wszystkie sk\u0142adniki ciasta zagnie\u015b\u0107 razem, rozwa\u0142kowa\u0107, roz\u0142o\u017cy\u0107 na waflach umieszczonych w foremce.<br \/>\n2. Wstawi\u0107 do nagrzanego do 180 st C piekarnika i piec, a\u017c mazurek stanie si\u0119 z\u0142ocisty. Wyj\u0105\u0107 z piekarnika. Ostudzi\u0107.<br \/>\n3. W kubeczku utrze\u0107 cukier puder z dodawanym po par\u0119 kropli sokiem cytrynowym. Kiedy osi\u0105gnie konsystencj\u0119 \u015bmietany, dekorowa\u0107 nim wierzch mazurka wylewaj\u0105c na powierzchni ciasta dowolne wzorki lub po prostu rozsmarowa\u0107 szerokim no\u017cem.<\/p>\n<p>Kiedy lukier zastygnie, kroi\u0107 mazurek na kawa\u0142ki wielko\u015bci wskazuj\u0105cego palca.<\/p>\n","protected":false},"excerpt":{"rendered":"<p>Na ciasto: 40 dag cukru, 20 dag mielonych migda\u0142\u00f3w (do kupienia w du\u017cych sklepach w dzia\u0142ach z bakaliami), 16 dag (mniej wi\u0119cej 0,75 szklanki) m\u0105ki, 10 dag mas\u0142a, jajo, sok z cytryny. 2 suche wafle do wy\u0142o\u017cenia formy Na lukier: oko\u0142o p\u00f3\u0142 szklanki cukru pudru i sok z cytryny. 1. Wszystkie sk\u0142adniki ciasta zagnie\u015b\u0107 razem, [&hellip;]<\/p>\n","protected":false},"author":2,"featured_media":0,"comment_status":"open","ping_status":"open","sticky":false,"template":"","format":"standard","meta":{"footnotes":""},"categories":[1],"tags":[],"_links":{"self":[{"href":"https:\/\/blog.polityka.pl\/adamczewski\/wp-json\/wp\/v2\/posts\/9822"}],"collection":[{"href":"https:\/\/blog.polityka.pl\/adamczewski\/wp-json\/wp\/v2\/posts"}],"about":[{"href":"https:\/\/blog.polityka.pl\/adamczewski\/wp-json\/wp\/v2\/types\/post"}],"author":[{"embeddable":true,"href":"https:\/\/blog.polityka.pl\/adamczewski\/wp-json\/wp\/v2\/users\/2"}],"replies":[{"embeddable":true,"href":"https:\/\/blog.polityka.pl\/adamczewski\/wp-json\/wp\/v2\/comments?post=9822"}],"version-history":[{"count":0,"href":"https:\/\/blog.polityka.pl\/adamczewski\/wp-json\/wp\/v2\/posts\/9822\/revisions"}],"wp:attachment":[{"href":"https:\/\/blog.polityka.pl\/adamczewski\/wp-json\/wp\/v2\/media?parent=9822"}],"wp:term":[{"taxonomy":"category","embeddable":true,"href":"https:\/\/blog.polityka.pl\/adamczewski\/wp-json\/wp\/v2\/categories?post=9822"},{"taxonomy":"post_tag","embeddable":true,"href":"https:\/\/blog.polityka.pl\/adamczewski\/wp-json\/wp\/v2\/tags?post=9822"}],"curies":[{"name":"wp","href":"https:\/\/api.w.org\/{rel}","templated":true}]}}