
{"id":9823,"date":"2008-03-25T06:23:43","date_gmt":"2008-03-25T05:23:43","guid":{"rendered":"http:\/\/adamczewscy.pl\/?p=1936"},"modified":"2008-03-25T06:23:43","modified_gmt":"2008-03-25T05:23:43","slug":"zupa-wloscianska-zalewajka","status":"publish","type":"post","link":"https:\/\/blog.polityka.pl\/adamczewski\/2008\/03\/25\/zupa-wloscianska-zalewajka\/","title":{"rendered":"Zupa w\u0142o\u015bcia\u0144ska &#8211; zalewajka"},"content":{"rendered":"<p><em>(4 porcje)<\/p>\n<p>4 du\u017ce ziemniaki, 2 szklanki wody, cebula, 2 \u0142y\u017cki mas\u0142a, szklanka \u015bmietany, szklanka barszczu bia\u0142ego z butelki, s\u00f3l, pieprz.<\/p>\n<p><\/em><br \/>\n1. Ziemniaki obra\u0107, pokroi\u0107 w kostk\u0119, zala\u0107 2 szklankami wody i ugotowa\u0107 do mi\u0119kko\u015bci.<br \/>\n2. Cebul\u0119 drobniutko posieka\u0107 i podsma\u017cy\u0107 na z\u0142ocisto.<br \/>\n3. Do ugotowanych ziemniak\u00f3w doda\u0107 barszcz, cebul\u0119, zagotowa\u0107 doprawiaj\u0105c sol\u0105 i pieprzem. Na koniec wla\u0107 \u015bmietan\u0119 i jeszcze zagrza\u0107 nie gotuj\u0105c.<\/p>\n<p>Do zupy mo\u017cna doda\u0107 resztki pokrojonych drobno w\u0119dlin (kie\u0142basy i szynki) lub pieczonych mi\u0119s, ale i w wersji postnej zupa jest smakowita i zdrowa. Jest to jedna z bardzo niegdy\u015b popularnych zup, o tradycyjnym smaku.<\/p>\n","protected":false},"excerpt":{"rendered":"<p>(4 porcje) 4 du\u017ce ziemniaki, 2 szklanki wody, cebula, 2 \u0142y\u017cki mas\u0142a, szklanka \u015bmietany, szklanka barszczu bia\u0142ego z butelki, s\u00f3l, pieprz. 1. Ziemniaki obra\u0107, pokroi\u0107 w kostk\u0119, zala\u0107 2 szklankami wody i ugotowa\u0107 do mi\u0119kko\u015bci. 2. Cebul\u0119 drobniutko posieka\u0107 i podsma\u017cy\u0107 na z\u0142ocisto. 3. Do ugotowanych ziemniak\u00f3w doda\u0107 barszcz, cebul\u0119, zagotowa\u0107 doprawiaj\u0105c sol\u0105 i pieprzem. [&hellip;]<\/p>\n","protected":false},"author":2,"featured_media":0,"comment_status":"open","ping_status":"open","sticky":false,"template":"","format":"standard","meta":{"footnotes":""},"categories":[1],"tags":[],"_links":{"self":[{"href":"https:\/\/blog.polityka.pl\/adamczewski\/wp-json\/wp\/v2\/posts\/9823"}],"collection":[{"href":"https:\/\/blog.polityka.pl\/adamczewski\/wp-json\/wp\/v2\/posts"}],"about":[{"href":"https:\/\/blog.polityka.pl\/adamczewski\/wp-json\/wp\/v2\/types\/post"}],"author":[{"embeddable":true,"href":"https:\/\/blog.polityka.pl\/adamczewski\/wp-json\/wp\/v2\/users\/2"}],"replies":[{"embeddable":true,"href":"https:\/\/blog.polityka.pl\/adamczewski\/wp-json\/wp\/v2\/comments?post=9823"}],"version-history":[{"count":0,"href":"https:\/\/blog.polityka.pl\/adamczewski\/wp-json\/wp\/v2\/posts\/9823\/revisions"}],"wp:attachment":[{"href":"https:\/\/blog.polityka.pl\/adamczewski\/wp-json\/wp\/v2\/media?parent=9823"}],"wp:term":[{"taxonomy":"category","embeddable":true,"href":"https:\/\/blog.polityka.pl\/adamczewski\/wp-json\/wp\/v2\/categories?post=9823"},{"taxonomy":"post_tag","embeddable":true,"href":"https:\/\/blog.polityka.pl\/adamczewski\/wp-json\/wp\/v2\/tags?post=9823"}],"curies":[{"name":"wp","href":"https:\/\/api.w.org\/{rel}","templated":true}]}}