
{"id":9824,"date":"2008-03-25T06:24:40","date_gmt":"2008-03-25T05:24:40","guid":{"rendered":"http:\/\/adamczewscy.pl\/?p=1937"},"modified":"2008-03-25T06:24:40","modified_gmt":"2008-03-25T05:24:40","slug":"ryz-zapieczony-ze-szpinakiem-i-jajami","status":"publish","type":"post","link":"https:\/\/blog.polityka.pl\/adamczewski\/2008\/03\/25\/ryz-zapieczony-ze-szpinakiem-i-jajami\/","title":{"rendered":"Ry\u017c zapieczony ze szpinakiem i jajami"},"content":{"rendered":"<p><em>(4 porcje)<\/p>\n<p>Szklanka ry\u017cu, 3 \u0142y\u017cki mas\u0142a, 50 dag \u015bwie\u017cego szpinaku, 2 \u0142y\u017cki m\u0105ki, niepe\u0142na szklanka mleka, szklanka startego ostrego sera, z\u0105bek czosnku, 4 jaja ugotowane na twardo, s\u00f3l, pieprz \u0142y\u017cka mas\u0142a do wysmarowania naczynia do zapiekania.<\/em><\/p>\n<p>1. Przygotowa\u0107 szpinak: obra\u0107, dok\u0142adnie umy\u0107, ugotowa\u0107 w du\u017cej ilo\u015bci wody, ods\u0105czy\u0107. Posieka\u0107.<br \/>\n2. Rozpu\u015bci\u0107 w garnku 2 \u0142y\u017cki mas\u0142a, doda\u0107 m\u0105k\u0119, kiedy spieni si\u0119 i zbieleje doda\u0107 mleko i posiekany szpinak. Sma\u017cy\u0107  a\u017c masa zg\u0119stnieje, doprawi\u0107 sol\u0105 i rozgniecionym czosnkiem.<br \/>\n3. Ry\u017c ugotowa\u0107 w du\u017cej ilo\u015bci wody, odcedzi\u0107.<br \/>\n4. Jaja na twardo obra\u0107 i posieka\u0107. Wymiesza\u0107 z ry\u017cem oraz po\u0142ow\u0105 startego \u017c\u00f3\u0142tego sera. Lekko posoli\u0107.<br \/>\n5. W wysmarowanym mas\u0142em \u017caroodpornym naczyniu u\u0142o\u017cy\u0107 warstw\u0119 ry\u017cu, na nim warstw\u0119 szpinaku i przykry\u0107 ry\u017cem. Posypa\u0107 startym \u017c\u00f3\u0142tym serem.<br \/>\n6. Zapieka\u0107 potraw\u0119 do momentu, a\u017c wierzch si\u0119 zrumieni.<\/p>\n<p>Doskona\u0142a potrawa zawieraj\u0105ca r\u00f3wnie\u017c jarzynowy dodatek.<\/p>\n","protected":false},"excerpt":{"rendered":"<p>(4 porcje) Szklanka ry\u017cu, 3 \u0142y\u017cki mas\u0142a, 50 dag \u015bwie\u017cego szpinaku, 2 \u0142y\u017cki m\u0105ki, niepe\u0142na szklanka mleka, szklanka startego ostrego sera, z\u0105bek czosnku, 4 jaja ugotowane na twardo, s\u00f3l, pieprz \u0142y\u017cka mas\u0142a do wysmarowania naczynia do zapiekania. 1. Przygotowa\u0107 szpinak: obra\u0107, dok\u0142adnie umy\u0107, ugotowa\u0107 w du\u017cej ilo\u015bci wody, ods\u0105czy\u0107. Posieka\u0107. 2. Rozpu\u015bci\u0107 w garnku 2 [&hellip;]<\/p>\n","protected":false},"author":2,"featured_media":0,"comment_status":"open","ping_status":"open","sticky":false,"template":"","format":"standard","meta":{"footnotes":""},"categories":[1],"tags":[],"_links":{"self":[{"href":"https:\/\/blog.polityka.pl\/adamczewski\/wp-json\/wp\/v2\/posts\/9824"}],"collection":[{"href":"https:\/\/blog.polityka.pl\/adamczewski\/wp-json\/wp\/v2\/posts"}],"about":[{"href":"https:\/\/blog.polityka.pl\/adamczewski\/wp-json\/wp\/v2\/types\/post"}],"author":[{"embeddable":true,"href":"https:\/\/blog.polityka.pl\/adamczewski\/wp-json\/wp\/v2\/users\/2"}],"replies":[{"embeddable":true,"href":"https:\/\/blog.polityka.pl\/adamczewski\/wp-json\/wp\/v2\/comments?post=9824"}],"version-history":[{"count":0,"href":"https:\/\/blog.polityka.pl\/adamczewski\/wp-json\/wp\/v2\/posts\/9824\/revisions"}],"wp:attachment":[{"href":"https:\/\/blog.polityka.pl\/adamczewski\/wp-json\/wp\/v2\/media?parent=9824"}],"wp:term":[{"taxonomy":"category","embeddable":true,"href":"https:\/\/blog.polityka.pl\/adamczewski\/wp-json\/wp\/v2\/categories?post=9824"},{"taxonomy":"post_tag","embeddable":true,"href":"https:\/\/blog.polityka.pl\/adamczewski\/wp-json\/wp\/v2\/tags?post=9824"}],"curies":[{"name":"wp","href":"https:\/\/api.w.org\/{rel}","templated":true}]}}