
{"id":9825,"date":"2008-03-25T06:25:30","date_gmt":"2008-03-25T05:25:30","guid":{"rendered":"http:\/\/adamczewscy.pl\/?p=1938"},"modified":"2008-03-25T06:25:30","modified_gmt":"2008-03-25T05:25:30","slug":"bigosik-staroswiecki","status":"publish","type":"post","link":"https:\/\/blog.polityka.pl\/adamczewski\/2008\/03\/25\/bigosik-staroswiecki\/","title":{"rendered":"Bigosik staro\u015bwiecki"},"content":{"rendered":"<p><em>(4 porcje)<\/p>\n<p>2 szklanki pokrojonego pieczonego schabu lub pieczeni wieprzowej, niedu\u017ca cebula, \u0142y\u017cka mas\u0142a, 4 winne jab\u0142ka, \u0142y\u017ceczka cukru, \u0142y\u017cka m\u0105ki, 2-3 ziarna pieprzu, szklanka roso\u0142u (mo\u017ce by\u0107 z kostki).<\/em><\/p>\n<p>1. Mas\u0142o rozpu\u015bci\u0107 w garnuszku, doda\u0107 posiekan\u0105 drobno cebul\u0119 i zeszkli\u0107. Doda\u0107 m\u0105k\u0119, chwil\u0119 zasma\u017ca\u0107, kiedy spieni si\u0119 i zbieleje doda\u0107 mi\u0119so, ros\u00f3\u0142, cukier i ziarna pieprzu. Gotowa\u0107 10 minut.<br \/>\n2. Jab\u0142ka pokroi\u0107 w drobne paski, doda\u0107 do mi\u0119sa i jeszcze chwil\u0119 razem gotowa\u0107.<\/p>\n<p>Bigosik staro\u015bwiecki podaje si\u0119 z ziemniakami z wody.<\/p>\n","protected":false},"excerpt":{"rendered":"<p>(4 porcje) 2 szklanki pokrojonego pieczonego schabu lub pieczeni wieprzowej, niedu\u017ca cebula, \u0142y\u017cka mas\u0142a, 4 winne jab\u0142ka, \u0142y\u017ceczka cukru, \u0142y\u017cka m\u0105ki, 2-3 ziarna pieprzu, szklanka roso\u0142u (mo\u017ce by\u0107 z kostki). 1. Mas\u0142o rozpu\u015bci\u0107 w garnuszku, doda\u0107 posiekan\u0105 drobno cebul\u0119 i zeszkli\u0107. Doda\u0107 m\u0105k\u0119, chwil\u0119 zasma\u017ca\u0107, kiedy spieni si\u0119 i zbieleje doda\u0107 mi\u0119so, ros\u00f3\u0142, cukier i [&hellip;]<\/p>\n","protected":false},"author":2,"featured_media":0,"comment_status":"open","ping_status":"open","sticky":false,"template":"","format":"standard","meta":{"footnotes":""},"categories":[1],"tags":[],"_links":{"self":[{"href":"https:\/\/blog.polityka.pl\/adamczewski\/wp-json\/wp\/v2\/posts\/9825"}],"collection":[{"href":"https:\/\/blog.polityka.pl\/adamczewski\/wp-json\/wp\/v2\/posts"}],"about":[{"href":"https:\/\/blog.polityka.pl\/adamczewski\/wp-json\/wp\/v2\/types\/post"}],"author":[{"embeddable":true,"href":"https:\/\/blog.polityka.pl\/adamczewski\/wp-json\/wp\/v2\/users\/2"}],"replies":[{"embeddable":true,"href":"https:\/\/blog.polityka.pl\/adamczewski\/wp-json\/wp\/v2\/comments?post=9825"}],"version-history":[{"count":0,"href":"https:\/\/blog.polityka.pl\/adamczewski\/wp-json\/wp\/v2\/posts\/9825\/revisions"}],"wp:attachment":[{"href":"https:\/\/blog.polityka.pl\/adamczewski\/wp-json\/wp\/v2\/media?parent=9825"}],"wp:term":[{"taxonomy":"category","embeddable":true,"href":"https:\/\/blog.polityka.pl\/adamczewski\/wp-json\/wp\/v2\/categories?post=9825"},{"taxonomy":"post_tag","embeddable":true,"href":"https:\/\/blog.polityka.pl\/adamczewski\/wp-json\/wp\/v2\/tags?post=9825"}],"curies":[{"name":"wp","href":"https:\/\/api.w.org\/{rel}","templated":true}]}}