
{"id":9826,"date":"2008-03-25T06:26:46","date_gmt":"2008-03-25T05:26:46","guid":{"rendered":"http:\/\/adamczewscy.pl\/?p=1939"},"modified":"2008-03-25T06:26:46","modified_gmt":"2008-03-25T05:26:46","slug":"golabki-z-gotowanego-miesa","status":"publish","type":"post","link":"https:\/\/blog.polityka.pl\/adamczewski\/2008\/03\/25\/golabki-z-gotowanego-miesa\/","title":{"rendered":"Go\u0142\u0105bki z gotowanego mi\u0119sa"},"content":{"rendered":"<p><em>(4 porcje)<\/p>\n<p>2 szklanki zmielonego gotowanego mi\u0119sa z roso\u0142u, jajo, ma\u0142a bu\u0142ka, cebula, 2 \u0142y\u017cki oleju lub oliwy, g\u0142\u00f3wka bia\u0142ej kapusty, s\u00f3l, pieprz. Do sma\u017cenia: 3 \u0142y\u017cki smalcu. Do panierowania: jajko, p\u00f3\u0142 szklanki tartej bu\u0142ki.<\/em><\/p>\n<p>1. Obgotowa\u0107 oczyszczon\u0105 z uszkodzonych li\u015bci kapust\u0119 i podzieli\u0107 na pojedyncze listki.<br \/>\n2. Cebule posieka\u0107 i podsma\u017cy\u0107 na oleju.<br \/>\n3. Namoczy\u0107 bu\u0142k\u0119, odcisn\u0105\u0107 i rozdrobni\u0107, po\u0142\u0105czy\u0107 ze zmielonym mi\u0119sem, jajkiem i cebul\u0105, doprawi\u0107 sol\u0105 i pieprzem, wyrobi\u0107 farsz.<br \/>\n4. W li\u015bcie kapusty zawija\u0107, zaczynaj\u0105c od strony, gdzie jest gruby nerw li\u015bciowy (mo\u017cna go lekko \u015bci\u0105\u0107) .<br \/>\n5. Go\u0142\u0105bki panierowa\u0107 w rozk\u0142\u00f3conym jajku i tartej bu\u0142ce.<br \/>\n6. Sma\u017cy\u0107 na smalcu na rumiano ze wszystkich stron<\/p>\n<p>Go\u0142\u0105bki mo\u017cna przygotowa\u0107 tak\u017ce ze zmielonego mi\u0119sa wieprzowego czy pieczeni ciel\u0119cej lub drobiu.<\/p>\n","protected":false},"excerpt":{"rendered":"<p>(4 porcje) 2 szklanki zmielonego gotowanego mi\u0119sa z roso\u0142u, jajo, ma\u0142a bu\u0142ka, cebula, 2 \u0142y\u017cki oleju lub oliwy, g\u0142\u00f3wka bia\u0142ej kapusty, s\u00f3l, pieprz. Do sma\u017cenia: 3 \u0142y\u017cki smalcu. Do panierowania: jajko, p\u00f3\u0142 szklanki tartej bu\u0142ki. 1. Obgotowa\u0107 oczyszczon\u0105 z uszkodzonych li\u015bci kapust\u0119 i podzieli\u0107 na pojedyncze listki. 2. Cebule posieka\u0107 i podsma\u017cy\u0107 na oleju. 3. [&hellip;]<\/p>\n","protected":false},"author":2,"featured_media":0,"comment_status":"open","ping_status":"open","sticky":false,"template":"","format":"standard","meta":{"footnotes":""},"categories":[1],"tags":[],"_links":{"self":[{"href":"https:\/\/blog.polityka.pl\/adamczewski\/wp-json\/wp\/v2\/posts\/9826"}],"collection":[{"href":"https:\/\/blog.polityka.pl\/adamczewski\/wp-json\/wp\/v2\/posts"}],"about":[{"href":"https:\/\/blog.polityka.pl\/adamczewski\/wp-json\/wp\/v2\/types\/post"}],"author":[{"embeddable":true,"href":"https:\/\/blog.polityka.pl\/adamczewski\/wp-json\/wp\/v2\/users\/2"}],"replies":[{"embeddable":true,"href":"https:\/\/blog.polityka.pl\/adamczewski\/wp-json\/wp\/v2\/comments?post=9826"}],"version-history":[{"count":0,"href":"https:\/\/blog.polityka.pl\/adamczewski\/wp-json\/wp\/v2\/posts\/9826\/revisions"}],"wp:attachment":[{"href":"https:\/\/blog.polityka.pl\/adamczewski\/wp-json\/wp\/v2\/media?parent=9826"}],"wp:term":[{"taxonomy":"category","embeddable":true,"href":"https:\/\/blog.polityka.pl\/adamczewski\/wp-json\/wp\/v2\/categories?post=9826"},{"taxonomy":"post_tag","embeddable":true,"href":"https:\/\/blog.polityka.pl\/adamczewski\/wp-json\/wp\/v2\/tags?post=9826"}],"curies":[{"name":"wp","href":"https:\/\/api.w.org\/{rel}","templated":true}]}}