
{"id":9830,"date":"2008-03-30T10:05:25","date_gmt":"2008-03-30T09:05:25","guid":{"rendered":"http:\/\/adamczewscy.pl\/?p=1944"},"modified":"2008-03-30T10:05:25","modified_gmt":"2008-03-30T09:05:25","slug":"rosol-oryginalny-z-orzechami","status":"publish","type":"post","link":"https:\/\/blog.polityka.pl\/adamczewski\/2008\/03\/30\/rosol-oryginalny-z-orzechami\/","title":{"rendered":"Ros\u00f3\u0142 oryginalny z orzechami"},"content":{"rendered":"<p><em>(4 porcje)<\/p>\n<p>Jeden pojedynczy filet z kurzej piersi, 5 szklanek roso\u0142u drobiowego z kostki, 4 \u0142y\u017cki posiekanych w\u0142oskich orzech\u00f3w, na koniec \u0142y\u017ceczki do kawy cynamonu, 2 \u0142y\u017cki soku z cytryny, 3 \u0142y\u017cki posiekanej zielonej pietruszki,  3 dymki, s\u00f3l.<\/em><\/p>\n<p>1. Filet z kurczaka zala\u0107 roso\u0142em, doda\u0107 dymki (tylko ich bia\u0142e cz\u0119\u015bci; szczypior zachowa\u0107), gotowa\u0107 25 minut.<br \/>\n2. Dymk\u0119 po ugotowaniu usun\u0105\u0107, doda\u0107 do zupy posiekan\u0105 zielon\u0105 pietruszk\u0119 i posiekane orzechy, sok cytrynowy i szczypt\u0119 cynamonu, gotowa\u0107 jeszcze 15 minut.<br \/>\n3. Mi\u0119so wyj\u0105\u0107 z zupy, ostudzi\u0107, pokroi\u0107 w cienkie paski i w\u0142o\u017cy\u0107 z powrotem do zupy. Zagotowa\u0107.<br \/>\n4. Szczypior z dymki posieka\u0107, posypa\u0107 nim ka\u017cd\u0105 porcj\u0119 zupy.<\/p>\n<p>Oryginalny smak i zapach tej zupy jest jej szczeg\u00f3ln\u0105 zalet\u0105. Ros\u00f3\u0142 z orzechami jest przy tym niezwykle prost\u0105 a efektown\u0105 zup\u0105.<\/p>\n","protected":false},"excerpt":{"rendered":"<p>(4 porcje) Jeden pojedynczy filet z kurzej piersi, 5 szklanek roso\u0142u drobiowego z kostki, 4 \u0142y\u017cki posiekanych w\u0142oskich orzech\u00f3w, na koniec \u0142y\u017ceczki do kawy cynamonu, 2 \u0142y\u017cki soku z cytryny, 3 \u0142y\u017cki posiekanej zielonej pietruszki, 3 dymki, s\u00f3l. 1. Filet z kurczaka zala\u0107 roso\u0142em, doda\u0107 dymki (tylko ich bia\u0142e cz\u0119\u015bci; szczypior zachowa\u0107), gotowa\u0107 25 minut. [&hellip;]<\/p>\n","protected":false},"author":2,"featured_media":0,"comment_status":"open","ping_status":"open","sticky":false,"template":"","format":"standard","meta":{"footnotes":""},"categories":[1],"tags":[],"_links":{"self":[{"href":"https:\/\/blog.polityka.pl\/adamczewski\/wp-json\/wp\/v2\/posts\/9830"}],"collection":[{"href":"https:\/\/blog.polityka.pl\/adamczewski\/wp-json\/wp\/v2\/posts"}],"about":[{"href":"https:\/\/blog.polityka.pl\/adamczewski\/wp-json\/wp\/v2\/types\/post"}],"author":[{"embeddable":true,"href":"https:\/\/blog.polityka.pl\/adamczewski\/wp-json\/wp\/v2\/users\/2"}],"replies":[{"embeddable":true,"href":"https:\/\/blog.polityka.pl\/adamczewski\/wp-json\/wp\/v2\/comments?post=9830"}],"version-history":[{"count":0,"href":"https:\/\/blog.polityka.pl\/adamczewski\/wp-json\/wp\/v2\/posts\/9830\/revisions"}],"wp:attachment":[{"href":"https:\/\/blog.polityka.pl\/adamczewski\/wp-json\/wp\/v2\/media?parent=9830"}],"wp:term":[{"taxonomy":"category","embeddable":true,"href":"https:\/\/blog.polityka.pl\/adamczewski\/wp-json\/wp\/v2\/categories?post=9830"},{"taxonomy":"post_tag","embeddable":true,"href":"https:\/\/blog.polityka.pl\/adamczewski\/wp-json\/wp\/v2\/tags?post=9830"}],"curies":[{"name":"wp","href":"https:\/\/api.w.org\/{rel}","templated":true}]}}