
{"id":9831,"date":"2008-03-30T10:06:05","date_gmt":"2008-03-30T09:06:05","guid":{"rendered":"http:\/\/adamczewscy.pl\/?p=1945"},"modified":"2008-03-30T10:06:05","modified_gmt":"2008-03-30T09:06:05","slug":"sznycle-rybne","status":"publish","type":"post","link":"https:\/\/blog.polityka.pl\/adamczewski\/2008\/03\/30\/sznycle-rybne\/","title":{"rendered":"Sznycle rybne"},"content":{"rendered":"<p><em>(6 porcji)<\/p>\n<p>80 dag filet\u00f3w z morskiej ryby, 2 cebule, 2 jaja, 2 czerstwe kajzerki, p\u00f3\u0142 szklanki mleka, s\u00f3l, pieprz, p\u00f3\u0142 szklanki oleju do sma\u017cenia, p\u00f3\u0142 szklanki tartej bu\u0142ki do obtaczania.<\/em><\/p>\n<p>1. Bu\u0142ki skropi\u0107 obficie mlekiem i poczeka\u0107 a\u017c namokn\u0105. Wycisn\u0105\u0107.<br \/>\n2. Filety pokroi\u0107 na kawa\u0142ki i zmieli\u0107 wraz z cebul\u0105 i namoczon\u0105 w mleku bu\u0142k\u0105.<br \/>\n3. Do zmielonej masy doda\u0107 jaja, s\u00f3l, pieprz i dok\u0142adnie wyrobi\u0107. Formowa\u0107 z masy owalne sznycle, obtacza\u0107 je w tartej bu\u0142ce.<br \/>\n4. Rozgrza\u0107 na patelni olej i sma\u017cy\u0107 sznycle na rumiano z obu stron.<\/p>\n<p>Je\u015bli od jadania ryb powstrzymuje kogo\u015b obawa przed o\u015bciami ? sznycle takie s\u0105 idealnym wyj\u015bciem. Sznycle mo\u017cna podawa\u0107 z jajkiem sadzonym u\u0142o\u017conym na ka\u017cdej porcji.<br \/>\nPodawa\u0107 mo\u017cna zar\u00f3wno z makaronem jak ziemniakami czy ry\u017cem.<\/p>\n","protected":false},"excerpt":{"rendered":"<p>(6 porcji) 80 dag filet\u00f3w z morskiej ryby, 2 cebule, 2 jaja, 2 czerstwe kajzerki, p\u00f3\u0142 szklanki mleka, s\u00f3l, pieprz, p\u00f3\u0142 szklanki oleju do sma\u017cenia, p\u00f3\u0142 szklanki tartej bu\u0142ki do obtaczania. 1. Bu\u0142ki skropi\u0107 obficie mlekiem i poczeka\u0107 a\u017c namokn\u0105. Wycisn\u0105\u0107. 2. Filety pokroi\u0107 na kawa\u0142ki i zmieli\u0107 wraz z cebul\u0105 i namoczon\u0105 w mleku [&hellip;]<\/p>\n","protected":false},"author":2,"featured_media":0,"comment_status":"open","ping_status":"open","sticky":false,"template":"","format":"standard","meta":{"footnotes":""},"categories":[1],"tags":[],"_links":{"self":[{"href":"https:\/\/blog.polityka.pl\/adamczewski\/wp-json\/wp\/v2\/posts\/9831"}],"collection":[{"href":"https:\/\/blog.polityka.pl\/adamczewski\/wp-json\/wp\/v2\/posts"}],"about":[{"href":"https:\/\/blog.polityka.pl\/adamczewski\/wp-json\/wp\/v2\/types\/post"}],"author":[{"embeddable":true,"href":"https:\/\/blog.polityka.pl\/adamczewski\/wp-json\/wp\/v2\/users\/2"}],"replies":[{"embeddable":true,"href":"https:\/\/blog.polityka.pl\/adamczewski\/wp-json\/wp\/v2\/comments?post=9831"}],"version-history":[{"count":0,"href":"https:\/\/blog.polityka.pl\/adamczewski\/wp-json\/wp\/v2\/posts\/9831\/revisions"}],"wp:attachment":[{"href":"https:\/\/blog.polityka.pl\/adamczewski\/wp-json\/wp\/v2\/media?parent=9831"}],"wp:term":[{"taxonomy":"category","embeddable":true,"href":"https:\/\/blog.polityka.pl\/adamczewski\/wp-json\/wp\/v2\/categories?post=9831"},{"taxonomy":"post_tag","embeddable":true,"href":"https:\/\/blog.polityka.pl\/adamczewski\/wp-json\/wp\/v2\/tags?post=9831"}],"curies":[{"name":"wp","href":"https:\/\/api.w.org\/{rel}","templated":true}]}}