
{"id":9835,"date":"2008-04-06T08:32:20","date_gmt":"2008-04-06T07:32:20","guid":{"rendered":"http:\/\/adamczewscy.pl\/?p=1951"},"modified":"2008-04-06T08:32:20","modified_gmt":"2008-04-06T07:32:20","slug":"pierozki-dla-leniwych","status":"publish","type":"post","link":"https:\/\/blog.polityka.pl\/adamczewski\/2008\/04\/06\/pierozki-dla-leniwych\/","title":{"rendered":"Piero\u017cki dla leniwych"},"content":{"rendered":"<p><em>(4 porcje)<\/p>\n<p>Oko\u0142o 50 dag mi\u0119sa wieprzowego lub wo\u0142owego z ko\u015bci\u0105, 2 marchwie,  pietruszka, 2 cebule, kawa\u0142ek selera, por, 25 dag makaronu (najlepszy jest szeroki, tzw. wst\u0105\u017cki, ale mo\u017ce by\u0107 tak\u017ce inny), s\u00f3l, \u0142y\u017cka mas\u0142a, 2 \u0142y\u017cki oleju lub oliwy, pieprz, li\u015b\u0107 laurowy, 3 ziarna ziela angielskiego.<\/em><\/p>\n<p>1. Mi\u0119so ugotowa\u0107 w 2 &#8211; 3 szklankach wody z marchwi\u0105, pietruszk\u0105, porem selerem i jedn\u0105 cebul\u0105 oraz z dodatkiem ziela angielskiego,  li\u015bcia laurowego i soli. Nale\u017cy odparowa\u0107 jak najwi\u0119cej wywaru (pozosta\u0142y mo\u017cna zu\u017cy\u0107 do przygotowania zupy).<br \/>\n2. Mi\u0119so z wywaru, po ostudzeniu zmieli\u0107 w maszynce do mi\u0119sa.<br \/>\n3. Cebul\u0119 posieka\u0107, usma\u017cy\u0107 na jasnoz\u0142oto na ma\u015ble z olejem lub oliw\u0105, doda\u0107 mielone mi\u0119so i poddusi\u0107, doprawiaj\u0105c mas\u0119 pieprzem i sol\u0105.<br \/>\n4. Ugotowa\u0107 makaron, odcedzi\u0107, wymiesza\u0107 z mielonym i przyprawionym mi\u0119sem.<\/p>\n<p>Potrawa ta smakuje jak pierogi z mi\u0119sem a przygotowanie jej zajmuje znacznie mniej czasu.<br \/>\nJe\u017celi wykorzystamy do jej przygotowania mi\u0119so po ugotowaniu roso\u0142u lub resztki pieczeni &#8211; b\u0119dzie jeszcze mniej pracy.<br \/>\nMo\u017cna podawa\u0107 j\u0105 z cykori\u0105 z jab\u0142kiem i sosem majonezowo-jogurtowym lub og\u00f3rkami kiszonymi.<\/p>\n","protected":false},"excerpt":{"rendered":"<p>(4 porcje) Oko\u0142o 50 dag mi\u0119sa wieprzowego lub wo\u0142owego z ko\u015bci\u0105, 2 marchwie, pietruszka, 2 cebule, kawa\u0142ek selera, por, 25 dag makaronu (najlepszy jest szeroki, tzw. wst\u0105\u017cki, ale mo\u017ce by\u0107 tak\u017ce inny), s\u00f3l, \u0142y\u017cka mas\u0142a, 2 \u0142y\u017cki oleju lub oliwy, pieprz, li\u015b\u0107 laurowy, 3 ziarna ziela angielskiego. 1. Mi\u0119so ugotowa\u0107 w 2 &#8211; 3 szklankach [&hellip;]<\/p>\n","protected":false},"author":2,"featured_media":0,"comment_status":"open","ping_status":"open","sticky":false,"template":"","format":"standard","meta":{"footnotes":""},"categories":[1],"tags":[],"_links":{"self":[{"href":"https:\/\/blog.polityka.pl\/adamczewski\/wp-json\/wp\/v2\/posts\/9835"}],"collection":[{"href":"https:\/\/blog.polityka.pl\/adamczewski\/wp-json\/wp\/v2\/posts"}],"about":[{"href":"https:\/\/blog.polityka.pl\/adamczewski\/wp-json\/wp\/v2\/types\/post"}],"author":[{"embeddable":true,"href":"https:\/\/blog.polityka.pl\/adamczewski\/wp-json\/wp\/v2\/users\/2"}],"replies":[{"embeddable":true,"href":"https:\/\/blog.polityka.pl\/adamczewski\/wp-json\/wp\/v2\/comments?post=9835"}],"version-history":[{"count":0,"href":"https:\/\/blog.polityka.pl\/adamczewski\/wp-json\/wp\/v2\/posts\/9835\/revisions"}],"wp:attachment":[{"href":"https:\/\/blog.polityka.pl\/adamczewski\/wp-json\/wp\/v2\/media?parent=9835"}],"wp:term":[{"taxonomy":"category","embeddable":true,"href":"https:\/\/blog.polityka.pl\/adamczewski\/wp-json\/wp\/v2\/categories?post=9835"},{"taxonomy":"post_tag","embeddable":true,"href":"https:\/\/blog.polityka.pl\/adamczewski\/wp-json\/wp\/v2\/tags?post=9835"}],"curies":[{"name":"wp","href":"https:\/\/api.w.org\/{rel}","templated":true}]}}