
{"id":9837,"date":"2008-04-06T08:34:11","date_gmt":"2008-04-06T07:34:11","guid":{"rendered":"http:\/\/adamczewscy.pl\/?p=1953"},"modified":"2008-04-06T08:34:11","modified_gmt":"2008-04-06T07:34:11","slug":"rosol-dla-jarosza","status":"publish","type":"post","link":"https:\/\/blog.polityka.pl\/adamczewski\/2008\/04\/06\/rosol-dla-jarosza\/","title":{"rendered":"Ros\u00f3\u0142 dla jarosza"},"content":{"rendered":"<p><em>(4 &#8211; 6 porcji)<br \/>\n2 marchwie, 2 pietruszki, po\u0142owa selera, por, cebula, \u0142y\u017cka mas\u0142a, 3 suszone grzyby, kostka przyprawy do zup, 3 \u0142y\u017cki siekanej zielonej pietruszki, s\u00f3l.<\/em><br \/>\n1. Umyt\u0105 i obran\u0105 marchew, pietruszk\u0119,  \u0107wier\u0107 selera, po\u0142ow\u0119 pora oraz p\u00f3\u0142 cebuli pokroi\u0107 w kawa\u0142ki wielko\u015bci frytek.<br \/>\n2. Rozdrobnione warzywa zrumieni\u0107 na patelni (bez jakiegokolwiek t\u0142uszczu)<br \/>\n3. Z pozosta\u0142ych warzyw ugotowa\u0107 wywar dodaj\u0105c suszone grzyby.<br \/>\n4. Wywarem zala\u0107 zrumienione warzywa i ugotowa\u0107 ros\u00f3\u0142, dodaj\u0105c po trochu s\u00f3l do smaku.<br \/>\n5. Ros\u00f3\u0142 przecedzi\u0107, doda\u0107 surowe \u015bwie\u017ce mas\u0142o i siekan\u0105 zielon\u0105 pietruszk\u0119.<\/p>\n<p>Ros\u00f3\u0142 dla jarosza podawa\u0107 tak,  jak podaje si\u0119 ros\u00f3\u0142 z mi\u0119sa: z makaronem, kluskami francuskimi czy lanymi.<\/p>\n","protected":false},"excerpt":{"rendered":"<p>(4 &#8211; 6 porcji) 2 marchwie, 2 pietruszki, po\u0142owa selera, por, cebula, \u0142y\u017cka mas\u0142a, 3 suszone grzyby, kostka przyprawy do zup, 3 \u0142y\u017cki siekanej zielonej pietruszki, s\u00f3l. 1. Umyt\u0105 i obran\u0105 marchew, pietruszk\u0119, \u0107wier\u0107 selera, po\u0142ow\u0119 pora oraz p\u00f3\u0142 cebuli pokroi\u0107 w kawa\u0142ki wielko\u015bci frytek. 2. Rozdrobnione warzywa zrumieni\u0107 na patelni (bez jakiegokolwiek t\u0142uszczu) 3. [&hellip;]<\/p>\n","protected":false},"author":2,"featured_media":0,"comment_status":"open","ping_status":"open","sticky":false,"template":"","format":"standard","meta":{"footnotes":""},"categories":[1],"tags":[],"_links":{"self":[{"href":"https:\/\/blog.polityka.pl\/adamczewski\/wp-json\/wp\/v2\/posts\/9837"}],"collection":[{"href":"https:\/\/blog.polityka.pl\/adamczewski\/wp-json\/wp\/v2\/posts"}],"about":[{"href":"https:\/\/blog.polityka.pl\/adamczewski\/wp-json\/wp\/v2\/types\/post"}],"author":[{"embeddable":true,"href":"https:\/\/blog.polityka.pl\/adamczewski\/wp-json\/wp\/v2\/users\/2"}],"replies":[{"embeddable":true,"href":"https:\/\/blog.polityka.pl\/adamczewski\/wp-json\/wp\/v2\/comments?post=9837"}],"version-history":[{"count":0,"href":"https:\/\/blog.polityka.pl\/adamczewski\/wp-json\/wp\/v2\/posts\/9837\/revisions"}],"wp:attachment":[{"href":"https:\/\/blog.polityka.pl\/adamczewski\/wp-json\/wp\/v2\/media?parent=9837"}],"wp:term":[{"taxonomy":"category","embeddable":true,"href":"https:\/\/blog.polityka.pl\/adamczewski\/wp-json\/wp\/v2\/categories?post=9837"},{"taxonomy":"post_tag","embeddable":true,"href":"https:\/\/blog.polityka.pl\/adamczewski\/wp-json\/wp\/v2\/tags?post=9837"}],"curies":[{"name":"wp","href":"https:\/\/api.w.org\/{rel}","templated":true}]}}