
{"id":9839,"date":"2008-04-13T20:31:47","date_gmt":"2008-04-13T19:31:47","guid":{"rendered":"http:\/\/adamczewscy.pl\/?p=1957"},"modified":"2008-04-13T20:31:47","modified_gmt":"2008-04-13T19:31:47","slug":"schabowe-zrazy-zawijane","status":"publish","type":"post","link":"https:\/\/blog.polityka.pl\/adamczewski\/2008\/04\/13\/schabowe-zrazy-zawijane\/","title":{"rendered":"Schabowe zrazy zawijane"},"content":{"rendered":"<p><em>(4 porcje)<\/p>\n<p>8 cienkich kotlet\u00f3w schabowych bez kostki, 30 dag pieczarek, 2 cebule, \u0142y\u017cka musztardy, \u0142y\u017cka m\u0105ki, s\u00f3l, pieprz, sproszkowana czerwona papryka, 2 \u0142y\u017cki koncentratu pomidorowego, 4 \u0142y\u017cki oliwy lub oleju do sma\u017cenia.<\/em><\/p>\n<p>1. Kotlety rozbi\u0107 do\u015b\u0107 cienko, lekko posypa\u0107 sol\u0105 i pieprzem.<br \/>\n2. Przygotowa\u0107 farsz: posieka\u0107 pieczarki i cebul\u0119 i poddusi\u0107 na 2 \u0142y\u017ckach oleju. Do usma\u017conych pieczarek doda\u0107 musztard\u0119, s\u00f3l i pieprz oraz koncentrat pomidorowy.<br \/>\n3. Na ka\u017cdym kotlecie po\u0142o\u017cy\u0107 cz\u0119\u015b\u0107 farszu, zwin\u0105\u0107 w rulon, zapi\u0105\u0107 wyka\u0142aczk\u0105; lub zwi\u0105za\u0107 bawe\u0142nian\u0105 nitk\u0105.<br \/>\n4. Zwini\u0119te kotlety obsypa\u0107 m\u0105k\u0105 i usma\u017cy\u0107 na pozosta\u0142ym oleju. Na koniec sma\u017cenia przykry\u0107 pokrywk\u0105, aby si\u0119 dosma\u017cy\u0142y.<\/p>\n","protected":false},"excerpt":{"rendered":"<p>(4 porcje) 8 cienkich kotlet\u00f3w schabowych bez kostki, 30 dag pieczarek, 2 cebule, \u0142y\u017cka musztardy, \u0142y\u017cka m\u0105ki, s\u00f3l, pieprz, sproszkowana czerwona papryka, 2 \u0142y\u017cki koncentratu pomidorowego, 4 \u0142y\u017cki oliwy lub oleju do sma\u017cenia. 1. Kotlety rozbi\u0107 do\u015b\u0107 cienko, lekko posypa\u0107 sol\u0105 i pieprzem. 2. Przygotowa\u0107 farsz: posieka\u0107 pieczarki i cebul\u0119 i poddusi\u0107 na 2 \u0142y\u017ckach [&hellip;]<\/p>\n","protected":false},"author":2,"featured_media":0,"comment_status":"open","ping_status":"open","sticky":false,"template":"","format":"standard","meta":{"footnotes":""},"categories":[1],"tags":[],"_links":{"self":[{"href":"https:\/\/blog.polityka.pl\/adamczewski\/wp-json\/wp\/v2\/posts\/9839"}],"collection":[{"href":"https:\/\/blog.polityka.pl\/adamczewski\/wp-json\/wp\/v2\/posts"}],"about":[{"href":"https:\/\/blog.polityka.pl\/adamczewski\/wp-json\/wp\/v2\/types\/post"}],"author":[{"embeddable":true,"href":"https:\/\/blog.polityka.pl\/adamczewski\/wp-json\/wp\/v2\/users\/2"}],"replies":[{"embeddable":true,"href":"https:\/\/blog.polityka.pl\/adamczewski\/wp-json\/wp\/v2\/comments?post=9839"}],"version-history":[{"count":0,"href":"https:\/\/blog.polityka.pl\/adamczewski\/wp-json\/wp\/v2\/posts\/9839\/revisions"}],"wp:attachment":[{"href":"https:\/\/blog.polityka.pl\/adamczewski\/wp-json\/wp\/v2\/media?parent=9839"}],"wp:term":[{"taxonomy":"category","embeddable":true,"href":"https:\/\/blog.polityka.pl\/adamczewski\/wp-json\/wp\/v2\/categories?post=9839"},{"taxonomy":"post_tag","embeddable":true,"href":"https:\/\/blog.polityka.pl\/adamczewski\/wp-json\/wp\/v2\/tags?post=9839"}],"curies":[{"name":"wp","href":"https:\/\/api.w.org\/{rel}","templated":true}]}}