
{"id":9840,"date":"2008-04-13T20:32:23","date_gmt":"2008-04-13T19:32:23","guid":{"rendered":"http:\/\/adamczewscy.pl\/?p=1958"},"modified":"2008-04-13T20:32:23","modified_gmt":"2008-04-13T19:32:23","slug":"rolady-jak-golabki","status":"publish","type":"post","link":"https:\/\/blog.polityka.pl\/adamczewski\/2008\/04\/13\/rolady-jak-golabki\/","title":{"rendered":"Rolady jak go\u0142\u0105bki"},"content":{"rendered":"<p><em>(4 porcje)<\/p>\n<p>8 du\u017cych li\u015bci bia\u0142ej kapusty, 8 plasterk\u00f3w mortadeli, 25 dag pieczarek, cebula, 2 \u0142y\u017cki mas\u0142a, s\u00f3l, pieprz, p\u00f3\u0142 szklanki \u015bmietany, szklanka roso\u0142u drobiowego lub warzywnego z kostki, \u0142y\u017ceczka m\u0105ki, \u0142y\u017cka koncentratu pomidorowego.<\/em><\/p>\n<p>1. Li\u015bcie kapusty oddziela si\u0119 naj\u0142atwiej, je\u015bli ca\u0142\u0105 g\u0142\u00f3wk\u0119 zanurzy si\u0119 we wrz\u0105cej wodzie w\u00f3wczas lekko obgotowane li\u015bcie \u0142atwo si\u0119 oddzielaj\u0105, staj\u0105 si\u0119 elastyczne.<br \/>\n2. Pieczarki wraz z cebul\u0105 posieka\u0107, podsma\u017cy\u0107 na \u0142y\u017cce mas\u0142a, doprawi\u0107 sol\u0105 i pieprzem.<br \/>\n3. Na ka\u017cdym li\u015bciu kapusty u\u0142o\u017cy\u0107 plasterek mortadeli, na nich farsz i zwija\u0107 rolady jak go\u0142\u0105bki.<br \/>\n4. Rolady u\u0142o\u017cy\u0107 w garnku lub naczyniu do zapiekania, doda\u0107 \u0142y\u017ck\u0119 mas\u0142a, wla\u0107 p\u00f3\u0142 szklanki roso\u0142u i wstawi\u0107 do piekarnika na 30 minut.<br \/>\n5. Po wyj\u0119ciu z piekarnika wla\u0107 do sosu \u015bmietan\u0119 wymieszan\u0105 z koncentratem,  pozosta\u0142ym roso\u0142em i m\u0105k\u0105, zagotowa\u0107.<\/p>\n<p>Podawa\u0107 z ziemniakami puree, polane sosem.<\/p>\n","protected":false},"excerpt":{"rendered":"<p>(4 porcje) 8 du\u017cych li\u015bci bia\u0142ej kapusty, 8 plasterk\u00f3w mortadeli, 25 dag pieczarek, cebula, 2 \u0142y\u017cki mas\u0142a, s\u00f3l, pieprz, p\u00f3\u0142 szklanki \u015bmietany, szklanka roso\u0142u drobiowego lub warzywnego z kostki, \u0142y\u017ceczka m\u0105ki, \u0142y\u017cka koncentratu pomidorowego. 1. Li\u015bcie kapusty oddziela si\u0119 naj\u0142atwiej, je\u015bli ca\u0142\u0105 g\u0142\u00f3wk\u0119 zanurzy si\u0119 we wrz\u0105cej wodzie w\u00f3wczas lekko obgotowane li\u015bcie \u0142atwo si\u0119 oddzielaj\u0105, [&hellip;]<\/p>\n","protected":false},"author":2,"featured_media":0,"comment_status":"open","ping_status":"open","sticky":false,"template":"","format":"standard","meta":{"footnotes":""},"categories":[1],"tags":[],"_links":{"self":[{"href":"https:\/\/blog.polityka.pl\/adamczewski\/wp-json\/wp\/v2\/posts\/9840"}],"collection":[{"href":"https:\/\/blog.polityka.pl\/adamczewski\/wp-json\/wp\/v2\/posts"}],"about":[{"href":"https:\/\/blog.polityka.pl\/adamczewski\/wp-json\/wp\/v2\/types\/post"}],"author":[{"embeddable":true,"href":"https:\/\/blog.polityka.pl\/adamczewski\/wp-json\/wp\/v2\/users\/2"}],"replies":[{"embeddable":true,"href":"https:\/\/blog.polityka.pl\/adamczewski\/wp-json\/wp\/v2\/comments?post=9840"}],"version-history":[{"count":0,"href":"https:\/\/blog.polityka.pl\/adamczewski\/wp-json\/wp\/v2\/posts\/9840\/revisions"}],"wp:attachment":[{"href":"https:\/\/blog.polityka.pl\/adamczewski\/wp-json\/wp\/v2\/media?parent=9840"}],"wp:term":[{"taxonomy":"category","embeddable":true,"href":"https:\/\/blog.polityka.pl\/adamczewski\/wp-json\/wp\/v2\/categories?post=9840"},{"taxonomy":"post_tag","embeddable":true,"href":"https:\/\/blog.polityka.pl\/adamczewski\/wp-json\/wp\/v2\/tags?post=9840"}],"curies":[{"name":"wp","href":"https:\/\/api.w.org\/{rel}","templated":true}]}}