
{"id":9842,"date":"2008-04-13T20:34:06","date_gmt":"2008-04-13T19:34:06","guid":{"rendered":"http:\/\/adamczewscy.pl\/?p=1960"},"modified":"2008-04-13T20:34:06","modified_gmt":"2008-04-13T19:34:06","slug":"pomidorowe-ziemniaki","status":"publish","type":"post","link":"https:\/\/blog.polityka.pl\/adamczewski\/2008\/04\/13\/pomidorowe-ziemniaki\/","title":{"rendered":"Pomidorowe ziemniaki"},"content":{"rendered":"<p><em>(4 porcje)<\/p>\n<p>12 \u015brednich ziemniak\u00f3w, 3 pomidory, cebula, 3 \u0142y\u017cki mas\u0142a, \u0142y\u017cka posiekanej zielonej pietruszki, \u0142y\u017cka posiekanego koperku, p\u00f3\u0142 szklanki \u015bmietany, p\u00f3\u0142 \u0142y\u017cki m\u0105ki, s\u00f3l, pieprz.<\/em><\/p>\n<p>1. Cebul\u0119 posieka\u0107 i poddusi\u0107 na ma\u015ble.<br \/>\n2. Ziemniaki obra\u0107, pokroi\u0107 w kostk\u0119 nieco wi\u0119ksz\u0105 ni\u017c na jarzynow\u0105 sa\u0142atk\u0119, doda\u0107 do cebuli, wla\u0107 szklank\u0119 wody i dusi\u0107 pod przykryciem.<br \/>\n3. Pomidory pokroi\u0107 na cz\u0105stki rozgotowa\u0107, po czym zmiksowa\u0107 i przetrze\u0107 przez durszlak.<br \/>\n4. Pomidory doda\u0107 do prawie gotowych ziemniak\u00f3w.<br \/>\n5. \u015amietan\u0119 wymiesza\u0107 z m\u0105k\u0105, doda\u0107 do potrawy i zagotowa\u0107. Doprawi\u0107 jeszcze sol\u0105 i pieprzem.<\/p>\n<p>Doskona\u0142y dodatek do potraw z jaj lub ryb albo upieczonej z zio\u0142ami kie\u0142basy. \u015awie\u017ce pomidory, kt\u00f3re w przepisie zaleca si\u0119 ugotowa\u0107 i zmiksowa\u0107 mo\u017cna oczywi\u015bcie zast\u0105pi\u0107 przecierem pomidorowym lub gotowymi pomidorami z puszki (krojonymi).<\/p>\n","protected":false},"excerpt":{"rendered":"<p>(4 porcje) 12 \u015brednich ziemniak\u00f3w, 3 pomidory, cebula, 3 \u0142y\u017cki mas\u0142a, \u0142y\u017cka posiekanej zielonej pietruszki, \u0142y\u017cka posiekanego koperku, p\u00f3\u0142 szklanki \u015bmietany, p\u00f3\u0142 \u0142y\u017cki m\u0105ki, s\u00f3l, pieprz. 1. Cebul\u0119 posieka\u0107 i poddusi\u0107 na ma\u015ble. 2. Ziemniaki obra\u0107, pokroi\u0107 w kostk\u0119 nieco wi\u0119ksz\u0105 ni\u017c na jarzynow\u0105 sa\u0142atk\u0119, doda\u0107 do cebuli, wla\u0107 szklank\u0119 wody i dusi\u0107 pod przykryciem. [&hellip;]<\/p>\n","protected":false},"author":2,"featured_media":0,"comment_status":"open","ping_status":"open","sticky":false,"template":"","format":"standard","meta":{"footnotes":""},"categories":[1],"tags":[],"_links":{"self":[{"href":"https:\/\/blog.polityka.pl\/adamczewski\/wp-json\/wp\/v2\/posts\/9842"}],"collection":[{"href":"https:\/\/blog.polityka.pl\/adamczewski\/wp-json\/wp\/v2\/posts"}],"about":[{"href":"https:\/\/blog.polityka.pl\/adamczewski\/wp-json\/wp\/v2\/types\/post"}],"author":[{"embeddable":true,"href":"https:\/\/blog.polityka.pl\/adamczewski\/wp-json\/wp\/v2\/users\/2"}],"replies":[{"embeddable":true,"href":"https:\/\/blog.polityka.pl\/adamczewski\/wp-json\/wp\/v2\/comments?post=9842"}],"version-history":[{"count":0,"href":"https:\/\/blog.polityka.pl\/adamczewski\/wp-json\/wp\/v2\/posts\/9842\/revisions"}],"wp:attachment":[{"href":"https:\/\/blog.polityka.pl\/adamczewski\/wp-json\/wp\/v2\/media?parent=9842"}],"wp:term":[{"taxonomy":"category","embeddable":true,"href":"https:\/\/blog.polityka.pl\/adamczewski\/wp-json\/wp\/v2\/categories?post=9842"},{"taxonomy":"post_tag","embeddable":true,"href":"https:\/\/blog.polityka.pl\/adamczewski\/wp-json\/wp\/v2\/tags?post=9842"}],"curies":[{"name":"wp","href":"https:\/\/api.w.org\/{rel}","templated":true}]}}