
{"id":9843,"date":"2008-04-13T20:34:43","date_gmt":"2008-04-13T19:34:43","guid":{"rendered":"http:\/\/adamczewscy.pl\/?p=1961"},"modified":"2008-04-13T20:34:43","modified_gmt":"2008-04-13T19:34:43","slug":"mloda-kapusta-ze-smietana","status":"publish","type":"post","link":"https:\/\/blog.polityka.pl\/adamczewski\/2008\/04\/13\/mloda-kapusta-ze-smietana\/","title":{"rendered":"M\u0142oda kapusta ze \u015bmietan\u0105"},"content":{"rendered":"<p><em>(4-6 porcji)<\/p>\n<p>G\u0142\u00f3wka m\u0142odej kapusty, 2 \u0142y\u017cki mas\u0142a, ma\u0142a cebula, p\u00f3\u0142 szklanki \u015bmietany 18-proc., p\u00f3\u0142torej \u0142y\u017cki m\u0105ki, cukier, s\u00f3l do smaku, 2 jab\u0142ka, 2 \u0142y\u017cki posiekanego koperku.<\/em><\/p>\n<p>1. Kapust\u0119 oczy\u015bci\u0107 z uszkodzonych li\u015bci, pozosta\u0142e poszatkowa\u0107, cebule posieka\u0107.<br \/>\n2. Kapust\u0119 zala\u0107 2 szklankami wrz\u0105cej wody, doda\u0107 cebul\u0119 i mas\u0142o. Gotowa\u0107, a\u017c kapusta b\u0119dzie mi\u0119kka. Posoli\u0107, doda\u0107 cukier.<br \/>\n3. Wymiesza\u0107 \u015bmietan\u0119 z m\u0105k\u0105, doda\u0107 do kapusty, zagotowa\u0107.<br \/>\n4. Jab\u0142ka zetrze\u0107 na grubej jarzynowej tarce, doda\u0107 do kapusty, jeszcze raz zagotowa\u0107.<br \/>\n5. Gotow\u0105 kapust\u0119 posypa\u0107 siekanym koperkiem.<\/p>\n","protected":false},"excerpt":{"rendered":"<p>(4-6 porcji) G\u0142\u00f3wka m\u0142odej kapusty, 2 \u0142y\u017cki mas\u0142a, ma\u0142a cebula, p\u00f3\u0142 szklanki \u015bmietany 18-proc., p\u00f3\u0142torej \u0142y\u017cki m\u0105ki, cukier, s\u00f3l do smaku, 2 jab\u0142ka, 2 \u0142y\u017cki posiekanego koperku. 1. Kapust\u0119 oczy\u015bci\u0107 z uszkodzonych li\u015bci, pozosta\u0142e poszatkowa\u0107, cebule posieka\u0107. 2. Kapust\u0119 zala\u0107 2 szklankami wrz\u0105cej wody, doda\u0107 cebul\u0119 i mas\u0142o. Gotowa\u0107, a\u017c kapusta b\u0119dzie mi\u0119kka. Posoli\u0107, doda\u0107 [&hellip;]<\/p>\n","protected":false},"author":2,"featured_media":0,"comment_status":"open","ping_status":"open","sticky":false,"template":"","format":"standard","meta":{"footnotes":""},"categories":[1],"tags":[],"_links":{"self":[{"href":"https:\/\/blog.polityka.pl\/adamczewski\/wp-json\/wp\/v2\/posts\/9843"}],"collection":[{"href":"https:\/\/blog.polityka.pl\/adamczewski\/wp-json\/wp\/v2\/posts"}],"about":[{"href":"https:\/\/blog.polityka.pl\/adamczewski\/wp-json\/wp\/v2\/types\/post"}],"author":[{"embeddable":true,"href":"https:\/\/blog.polityka.pl\/adamczewski\/wp-json\/wp\/v2\/users\/2"}],"replies":[{"embeddable":true,"href":"https:\/\/blog.polityka.pl\/adamczewski\/wp-json\/wp\/v2\/comments?post=9843"}],"version-history":[{"count":0,"href":"https:\/\/blog.polityka.pl\/adamczewski\/wp-json\/wp\/v2\/posts\/9843\/revisions"}],"wp:attachment":[{"href":"https:\/\/blog.polityka.pl\/adamczewski\/wp-json\/wp\/v2\/media?parent=9843"}],"wp:term":[{"taxonomy":"category","embeddable":true,"href":"https:\/\/blog.polityka.pl\/adamczewski\/wp-json\/wp\/v2\/categories?post=9843"},{"taxonomy":"post_tag","embeddable":true,"href":"https:\/\/blog.polityka.pl\/adamczewski\/wp-json\/wp\/v2\/tags?post=9843"}],"curies":[{"name":"wp","href":"https:\/\/api.w.org\/{rel}","templated":true}]}}