
{"id":9844,"date":"2008-04-13T20:35:48","date_gmt":"2008-04-13T19:35:48","guid":{"rendered":"http:\/\/adamczewscy.pl\/?p=1962"},"modified":"2008-04-13T20:35:48","modified_gmt":"2008-04-13T19:35:48","slug":"marchew-z-pieczarkami-dla-doroslych","status":"publish","type":"post","link":"https:\/\/blog.polityka.pl\/adamczewski\/2008\/04\/13\/marchew-z-pieczarkami-dla-doroslych\/","title":{"rendered":"Marchew z pieczarkami &#8211; dla doros\u0142ych"},"content":{"rendered":"<p><em>(4 &#8211; 6 porcji)<\/p>\n<p>3 du\u017ce marchwie, 30 dag pieczarek, niedu\u017ca cebula, 10 dag w\u0119dzonego boczku, szklanka wytrawnego bia\u0142ego wina, 2 \u0142y\u017cki mas\u0142a, cukier, s\u00f3l, pieprz  oraz sok z cytryny do smaku, 2-3 \u0142y\u017cki posiekanej zielonej pietruszki.<\/em><\/p>\n<p>1. Boczek pokroi\u0107 drobno i stopi\u0107 na ma\u015ble, doda\u0107 posiekan\u0105 cebule i chwil\u0119 podsma\u017ca\u0107.<br \/>\n2. Marchew i pieczarki pokroi\u0107 na plasterki i doda\u0107 do usma\u017conej na boczku cebuli, wla\u0107 wino i dusi\u0107.<br \/>\n3. W czasie duszenia (20 minut) doprawi\u0107 do smaku sol\u0105, pieprzem i cukrem oraz sokiem z cytryny.<br \/>\n4. Tak przyrz\u0105dzon\u0105 marchew podawa\u0107 posypan\u0105 siekan\u0105 zielon\u0105 pietruszk\u0105.<\/p>\n<p>W wersji nie tylko dla doros\u0142ych mo\u017cna pomin\u0105\u0107 dodatek wina, jednak potrawa nie b\u0119dzie mia\u0142a ju\u017c tak doskona\u0142ego smaku.<\/p>\n","protected":false},"excerpt":{"rendered":"<p>(4 &#8211; 6 porcji) 3 du\u017ce marchwie, 30 dag pieczarek, niedu\u017ca cebula, 10 dag w\u0119dzonego boczku, szklanka wytrawnego bia\u0142ego wina, 2 \u0142y\u017cki mas\u0142a, cukier, s\u00f3l, pieprz oraz sok z cytryny do smaku, 2-3 \u0142y\u017cki posiekanej zielonej pietruszki. 1. Boczek pokroi\u0107 drobno i stopi\u0107 na ma\u015ble, doda\u0107 posiekan\u0105 cebule i chwil\u0119 podsma\u017ca\u0107. 2. Marchew i pieczarki [&hellip;]<\/p>\n","protected":false},"author":2,"featured_media":0,"comment_status":"open","ping_status":"open","sticky":false,"template":"","format":"standard","meta":{"footnotes":""},"categories":[1],"tags":[],"_links":{"self":[{"href":"https:\/\/blog.polityka.pl\/adamczewski\/wp-json\/wp\/v2\/posts\/9844"}],"collection":[{"href":"https:\/\/blog.polityka.pl\/adamczewski\/wp-json\/wp\/v2\/posts"}],"about":[{"href":"https:\/\/blog.polityka.pl\/adamczewski\/wp-json\/wp\/v2\/types\/post"}],"author":[{"embeddable":true,"href":"https:\/\/blog.polityka.pl\/adamczewski\/wp-json\/wp\/v2\/users\/2"}],"replies":[{"embeddable":true,"href":"https:\/\/blog.polityka.pl\/adamczewski\/wp-json\/wp\/v2\/comments?post=9844"}],"version-history":[{"count":0,"href":"https:\/\/blog.polityka.pl\/adamczewski\/wp-json\/wp\/v2\/posts\/9844\/revisions"}],"wp:attachment":[{"href":"https:\/\/blog.polityka.pl\/adamczewski\/wp-json\/wp\/v2\/media?parent=9844"}],"wp:term":[{"taxonomy":"category","embeddable":true,"href":"https:\/\/blog.polityka.pl\/adamczewski\/wp-json\/wp\/v2\/categories?post=9844"},{"taxonomy":"post_tag","embeddable":true,"href":"https:\/\/blog.polityka.pl\/adamczewski\/wp-json\/wp\/v2\/tags?post=9844"}],"curies":[{"name":"wp","href":"https:\/\/api.w.org\/{rel}","templated":true}]}}