
{"id":9847,"date":"2008-04-13T20:39:01","date_gmt":"2008-04-13T19:39:01","guid":{"rendered":"http:\/\/adamczewscy.pl\/?p=1965"},"modified":"2008-04-13T20:39:01","modified_gmt":"2008-04-13T19:39:01","slug":"fenkul-z-sosem-serowym","status":"publish","type":"post","link":"https:\/\/blog.polityka.pl\/adamczewski\/2008\/04\/13\/fenkul-z-sosem-serowym\/","title":{"rendered":"Fenku\u0142 z sosem serowym"},"content":{"rendered":"<p><em>(6-8 porcji)<\/p>\n<p>4 bulwy fenku\u0142u, 3 \u0142y\u017cki mas\u0142a, 2 \u0142y\u017cki m\u0105ki, szklanka mleka, szklanka startego \u017c\u00f3\u0142tego sera, tarta ga\u0142ka muszkato\u0142owa, \u0142y\u017cka posiekanego koperku.<\/em><\/p>\n<p>1. Bulwy fenku\u0142u oczy\u015bci\u0107, usuwaj\u0105c zniszczone li\u015bcie z wierzchu, przekroi\u0107 jak jab\u0142ko na \u0107wiartki i wyci\u0105\u0107 twardy g\u0142\u0105bik.<br \/>\n2. Fenku\u0142 zala\u0107 wrz\u0105c\u0105 wod\u0105, osoli\u0107 i gotowa\u0107 25-30 minut.<br \/>\n3. Przygotowa\u0107 sos: roztopi\u0107 w garnuszku mas\u0142o, doda\u0107 m\u0105k\u0119, kiedy spieni si\u0119 i zbieleje dola\u0107 mleko i p\u00f3\u0142 szklanki wywaru spod fenku\u0142u. Gotowa\u0107, a\u017c sos zacznie lekko g\u0119stnie\u0107, doda\u0107 ser oraz ga\u0142k\u0119 muszkato\u0142ow\u0105 i wymiesza\u0107.<br \/>\n4. U\u0142o\u017cy\u0107 ugotowane kawa\u0142ki fenku\u0142u na p\u00f3\u0142misku i zala\u0107 sosem. Po wierzchu posypa\u0107 siekanym koperkiem.<\/p>\n","protected":false},"excerpt":{"rendered":"<p>(6-8 porcji) 4 bulwy fenku\u0142u, 3 \u0142y\u017cki mas\u0142a, 2 \u0142y\u017cki m\u0105ki, szklanka mleka, szklanka startego \u017c\u00f3\u0142tego sera, tarta ga\u0142ka muszkato\u0142owa, \u0142y\u017cka posiekanego koperku. 1. Bulwy fenku\u0142u oczy\u015bci\u0107, usuwaj\u0105c zniszczone li\u015bcie z wierzchu, przekroi\u0107 jak jab\u0142ko na \u0107wiartki i wyci\u0105\u0107 twardy g\u0142\u0105bik. 2. Fenku\u0142 zala\u0107 wrz\u0105c\u0105 wod\u0105, osoli\u0107 i gotowa\u0107 25-30 minut. 3. Przygotowa\u0107 sos: roztopi\u0107 [&hellip;]<\/p>\n","protected":false},"author":2,"featured_media":0,"comment_status":"open","ping_status":"open","sticky":false,"template":"","format":"standard","meta":{"footnotes":""},"categories":[1],"tags":[],"_links":{"self":[{"href":"https:\/\/blog.polityka.pl\/adamczewski\/wp-json\/wp\/v2\/posts\/9847"}],"collection":[{"href":"https:\/\/blog.polityka.pl\/adamczewski\/wp-json\/wp\/v2\/posts"}],"about":[{"href":"https:\/\/blog.polityka.pl\/adamczewski\/wp-json\/wp\/v2\/types\/post"}],"author":[{"embeddable":true,"href":"https:\/\/blog.polityka.pl\/adamczewski\/wp-json\/wp\/v2\/users\/2"}],"replies":[{"embeddable":true,"href":"https:\/\/blog.polityka.pl\/adamczewski\/wp-json\/wp\/v2\/comments?post=9847"}],"version-history":[{"count":0,"href":"https:\/\/blog.polityka.pl\/adamczewski\/wp-json\/wp\/v2\/posts\/9847\/revisions"}],"wp:attachment":[{"href":"https:\/\/blog.polityka.pl\/adamczewski\/wp-json\/wp\/v2\/media?parent=9847"}],"wp:term":[{"taxonomy":"category","embeddable":true,"href":"https:\/\/blog.polityka.pl\/adamczewski\/wp-json\/wp\/v2\/categories?post=9847"},{"taxonomy":"post_tag","embeddable":true,"href":"https:\/\/blog.polityka.pl\/adamczewski\/wp-json\/wp\/v2\/tags?post=9847"}],"curies":[{"name":"wp","href":"https:\/\/api.w.org\/{rel}","templated":true}]}}