
{"id":9848,"date":"2008-04-13T20:39:40","date_gmt":"2008-04-13T19:39:40","guid":{"rendered":"http:\/\/adamczewscy.pl\/?p=1966"},"modified":"2008-04-13T20:39:40","modified_gmt":"2008-04-13T19:39:40","slug":"dorsz-zapiekany-z-makaronem-i-warzywami","status":"publish","type":"post","link":"https:\/\/blog.polityka.pl\/adamczewski\/2008\/04\/13\/dorsz-zapiekany-z-makaronem-i-warzywami\/","title":{"rendered":"Dorsz zapiekany z makaronem i warzywami"},"content":{"rendered":"<p><em>(4-6 porcji)<\/p>\n<p>40 dag filet\u00f3w z dorsza, marchew, pietruszka, seler, por, cebula, 3 \u0142y\u017cki mas\u0142a, p\u00f3\u0142 szklanki startego \u017c\u00f3\u0142tego sera, p\u00f3\u0142 szklanki \u015bmietany, jajko, s\u00f3l, pieprz, kilka kropli przyprawy do zup, 2 \u0142y\u017cki siekanej zielonej pietruszki. Do wysmarowania. \u017caroodpornego naczynia: 2 \u0142y\u017cki oleju lub oliwy.<\/em><\/p>\n<p>1. Marchew, pietruszk\u0119, seler i por pokroi\u0107 w cienkie paski lub zetrze\u0107 na tarce jarzynowej (grubszej), poddusi\u0107 na \u0142y\u017cce mas\u0142a.<br \/>\n2. Cebul\u0119 pokroi\u0107 w plasterki, podsma\u017cy\u0107 na pozosta\u0142ym ma\u015ble na jasnoz\u0142oto.<br \/>\n3. Filety rybne pokroi\u0107 w paski, doda\u0107 do usma\u017conej cebuli, podsma\u017cy\u0107, po czym doda\u0107 4 \u0142y\u017cki wody i dusi\u010715 minut, doprawi\u0107 sol\u0105 i pieprzem.<br \/>\n4. Ugotowa\u0107 makaron.<br \/>\n5. U\u0142o\u017cy\u0107 po\u0142ow\u0119 makaronu w wysmarowanym naczyniu \u017caroodpornym, na makaronie u\u0142o\u017cy\u0107 uduszone warzywa i ryb\u0119., nakry\u0107 reszt\u0105 makaronu.<br \/>\n6. Wymiesza\u0107 \u015bmietan\u0119 z jajkiem i przypraw\u0105 do zup, doda\u0107 odrobin\u0119 soli i pieprzu. Wyla\u0107 na makaron, posypa\u0107 po wierzchu startym serem.<br \/>\n7. Zapieka\u0107 w nagrzanym do 180 st C piekarniku oko\u0142o 15 minut.<br \/>\nPosypa\u0107 siekan\u0105 zielon\u0105 pietruszk\u0105.<\/p>\n","protected":false},"excerpt":{"rendered":"<p>(4-6 porcji) 40 dag filet\u00f3w z dorsza, marchew, pietruszka, seler, por, cebula, 3 \u0142y\u017cki mas\u0142a, p\u00f3\u0142 szklanki startego \u017c\u00f3\u0142tego sera, p\u00f3\u0142 szklanki \u015bmietany, jajko, s\u00f3l, pieprz, kilka kropli przyprawy do zup, 2 \u0142y\u017cki siekanej zielonej pietruszki. Do wysmarowania. \u017caroodpornego naczynia: 2 \u0142y\u017cki oleju lub oliwy. 1. Marchew, pietruszk\u0119, seler i por pokroi\u0107 w cienkie paski [&hellip;]<\/p>\n","protected":false},"author":2,"featured_media":0,"comment_status":"open","ping_status":"open","sticky":false,"template":"","format":"standard","meta":{"footnotes":""},"categories":[1],"tags":[],"_links":{"self":[{"href":"https:\/\/blog.polityka.pl\/adamczewski\/wp-json\/wp\/v2\/posts\/9848"}],"collection":[{"href":"https:\/\/blog.polityka.pl\/adamczewski\/wp-json\/wp\/v2\/posts"}],"about":[{"href":"https:\/\/blog.polityka.pl\/adamczewski\/wp-json\/wp\/v2\/types\/post"}],"author":[{"embeddable":true,"href":"https:\/\/blog.polityka.pl\/adamczewski\/wp-json\/wp\/v2\/users\/2"}],"replies":[{"embeddable":true,"href":"https:\/\/blog.polityka.pl\/adamczewski\/wp-json\/wp\/v2\/comments?post=9848"}],"version-history":[{"count":0,"href":"https:\/\/blog.polityka.pl\/adamczewski\/wp-json\/wp\/v2\/posts\/9848\/revisions"}],"wp:attachment":[{"href":"https:\/\/blog.polityka.pl\/adamczewski\/wp-json\/wp\/v2\/media?parent=9848"}],"wp:term":[{"taxonomy":"category","embeddable":true,"href":"https:\/\/blog.polityka.pl\/adamczewski\/wp-json\/wp\/v2\/categories?post=9848"},{"taxonomy":"post_tag","embeddable":true,"href":"https:\/\/blog.polityka.pl\/adamczewski\/wp-json\/wp\/v2\/tags?post=9848"}],"curies":[{"name":"wp","href":"https:\/\/api.w.org\/{rel}","templated":true}]}}