
{"id":9849,"date":"2008-04-13T20:40:32","date_gmt":"2008-04-13T19:40:32","guid":{"rendered":"http:\/\/adamczewscy.pl\/?p=1967"},"modified":"2008-04-13T20:40:32","modified_gmt":"2008-04-13T19:40:32","slug":"babeczki-ryzowe-z-owocami","status":"publish","type":"post","link":"https:\/\/blog.polityka.pl\/adamczewski\/2008\/04\/13\/babeczki-ryzowe-z-owocami\/","title":{"rendered":"Babeczki ry\u017cowe z owocami"},"content":{"rendered":"<p><em>(4 porcje)<\/p>\n<p>2 torebki ry\u017cu do gotowania, szklanka mi\u0119kkich owoc\u00f3w lub drylowanych wi\u015bni \u015bwie\u017cych lub rozmro\u017conych, 2 szklanki mleka, p\u00f3\u0142 szklanki cukru,  \u017c\u00f3\u0142tko, cukier wanilinowy, \u0142y\u017ceczka oliwy. Jako dodatek : szklanka jogurtu naturalnego i spora \u0142y\u017cka cukru.<\/em><\/p>\n<p>1. Ry\u017c ugotowa\u0107 w torebkach na wp\u00f3\u0142 mi\u0119kko, po czym wysypa\u0107 z torebek, wrzuci\u0107 do wrz\u0105cego mleka i gotowa\u0107 dot\u0105d, a\u017c ry\u017c wch\u0142onie ca\u0142e mleko.<br \/>\nMo\u017cna jeszcze dodatkowo wstawi\u0107 na 20-30 minut do piekarnika, aby si\u0119 doskonale wypiek\u0142.<br \/>\n2. \u017b\u00f3\u0142tko utrze\u0107 z cukrem i cukrem wanilinowym, wymiesza\u0107 je z gor\u0105cym ry\u017cem.<br \/>\n3. Przygotowa\u0107 4 fili\u017canki lub kokilki, wysmarowa\u0107 odrobin\u0105 oliwy,  na\u0142o\u017cy\u0107 warstw\u0119 ry\u017cu uciskaj\u0105c . Na pierwszej warstwie ry\u017cu u\u0142o\u017cy\u0107 owoce i zn\u00f3w warstw\u0119 ry\u017cu, tym razem l\u017cej ucisn\u0105\u0107.<br \/>\n4. Wstawi\u0107 foremki z ry\u017cem do lod\u00f3wki.<br \/>\n5. Po kilku godzinach wyj\u0105\u0107 babeczki z lod\u00f3wki, wy\u0142o\u017cy\u0107 dnem do g\u00f3ry.<br \/>\n6. Wymiesza\u0107 jogurt z cukrem i poda\u0107 w dzbanuszku jako dodatek do babeczek.<\/p>\n","protected":false},"excerpt":{"rendered":"<p>(4 porcje) 2 torebki ry\u017cu do gotowania, szklanka mi\u0119kkich owoc\u00f3w lub drylowanych wi\u015bni \u015bwie\u017cych lub rozmro\u017conych, 2 szklanki mleka, p\u00f3\u0142 szklanki cukru, \u017c\u00f3\u0142tko, cukier wanilinowy, \u0142y\u017ceczka oliwy. Jako dodatek : szklanka jogurtu naturalnego i spora \u0142y\u017cka cukru. 1. Ry\u017c ugotowa\u0107 w torebkach na wp\u00f3\u0142 mi\u0119kko, po czym wysypa\u0107 z torebek, wrzuci\u0107 do wrz\u0105cego mleka i [&hellip;]<\/p>\n","protected":false},"author":2,"featured_media":0,"comment_status":"open","ping_status":"open","sticky":false,"template":"","format":"standard","meta":{"footnotes":""},"categories":[1],"tags":[],"_links":{"self":[{"href":"https:\/\/blog.polityka.pl\/adamczewski\/wp-json\/wp\/v2\/posts\/9849"}],"collection":[{"href":"https:\/\/blog.polityka.pl\/adamczewski\/wp-json\/wp\/v2\/posts"}],"about":[{"href":"https:\/\/blog.polityka.pl\/adamczewski\/wp-json\/wp\/v2\/types\/post"}],"author":[{"embeddable":true,"href":"https:\/\/blog.polityka.pl\/adamczewski\/wp-json\/wp\/v2\/users\/2"}],"replies":[{"embeddable":true,"href":"https:\/\/blog.polityka.pl\/adamczewski\/wp-json\/wp\/v2\/comments?post=9849"}],"version-history":[{"count":0,"href":"https:\/\/blog.polityka.pl\/adamczewski\/wp-json\/wp\/v2\/posts\/9849\/revisions"}],"wp:attachment":[{"href":"https:\/\/blog.polityka.pl\/adamczewski\/wp-json\/wp\/v2\/media?parent=9849"}],"wp:term":[{"taxonomy":"category","embeddable":true,"href":"https:\/\/blog.polityka.pl\/adamczewski\/wp-json\/wp\/v2\/categories?post=9849"},{"taxonomy":"post_tag","embeddable":true,"href":"https:\/\/blog.polityka.pl\/adamczewski\/wp-json\/wp\/v2\/tags?post=9849"}],"curies":[{"name":"wp","href":"https:\/\/api.w.org\/{rel}","templated":true}]}}