
{"id":9850,"date":"2008-04-13T20:41:38","date_gmt":"2008-04-13T19:41:38","guid":{"rendered":"http:\/\/adamczewscy.pl\/?p=1968"},"modified":"2008-04-13T20:41:38","modified_gmt":"2008-04-13T19:41:38","slug":"babka-bananowa","status":"publish","type":"post","link":"https:\/\/blog.polityka.pl\/adamczewski\/2008\/04\/13\/babka-bananowa\/","title":{"rendered":"Babka bananowa"},"content":{"rendered":"<p><em>2 szklanki m\u0105ki tortowej, 6 \u0142y\u017cek (12 dag) mas\u0142a, 2 jaja, szklanka (bez czuba)  cukru, \u0142y\u017ceczka sody oczyszczonej, \u0142y\u017ceczka proszku do pieczenia, 4 \u0142y\u017cki mleka, 3 du\u017ce lub 4 mniejsze dojrza\u0142e banany.<\/em><\/p>\n<p>1. Obrane, mi\u0119kkie banany rozdrobni\u0107 widelcem.<br \/>\n2. M\u0105k\u0119 wymiesza\u0107 z proszkiem do pieczenia. Sod\u0119 rozpu\u015bci\u0107 w mleku.<br \/>\n3. Utrze\u0107 mas\u0142o z cukrem i dodawanymi po jednym jajkami nast\u0119pnie, stale ucieraj\u0105c dodawa\u0107 m\u0105k\u0119 z proszkiem, mleko z sod\u0105 i mas\u0119 bananow\u0105.<br \/>\n4. Wy\u0142o\u017cy\u0107 pergaminem do pieczenia form\u0119 na babki z kominkiem lub w\u0105sk\u0105,  d\u0142ug\u0105, keksow\u0105, prze\u0142o\u017cy\u0107 do niej ciasto.<br \/>\n5. Piec oko\u0142o 40 minut w temperaturze 180 st C.<\/p>\n","protected":false},"excerpt":{"rendered":"<p>2 szklanki m\u0105ki tortowej, 6 \u0142y\u017cek (12 dag) mas\u0142a, 2 jaja, szklanka (bez czuba) cukru, \u0142y\u017ceczka sody oczyszczonej, \u0142y\u017ceczka proszku do pieczenia, 4 \u0142y\u017cki mleka, 3 du\u017ce lub 4 mniejsze dojrza\u0142e banany. 1. Obrane, mi\u0119kkie banany rozdrobni\u0107 widelcem. 2. M\u0105k\u0119 wymiesza\u0107 z proszkiem do pieczenia. Sod\u0119 rozpu\u015bci\u0107 w mleku. 3. Utrze\u0107 mas\u0142o z cukrem i [&hellip;]<\/p>\n","protected":false},"author":2,"featured_media":0,"comment_status":"open","ping_status":"open","sticky":false,"template":"","format":"standard","meta":{"footnotes":""},"categories":[1],"tags":[],"_links":{"self":[{"href":"https:\/\/blog.polityka.pl\/adamczewski\/wp-json\/wp\/v2\/posts\/9850"}],"collection":[{"href":"https:\/\/blog.polityka.pl\/adamczewski\/wp-json\/wp\/v2\/posts"}],"about":[{"href":"https:\/\/blog.polityka.pl\/adamczewski\/wp-json\/wp\/v2\/types\/post"}],"author":[{"embeddable":true,"href":"https:\/\/blog.polityka.pl\/adamczewski\/wp-json\/wp\/v2\/users\/2"}],"replies":[{"embeddable":true,"href":"https:\/\/blog.polityka.pl\/adamczewski\/wp-json\/wp\/v2\/comments?post=9850"}],"version-history":[{"count":0,"href":"https:\/\/blog.polityka.pl\/adamczewski\/wp-json\/wp\/v2\/posts\/9850\/revisions"}],"wp:attachment":[{"href":"https:\/\/blog.polityka.pl\/adamczewski\/wp-json\/wp\/v2\/media?parent=9850"}],"wp:term":[{"taxonomy":"category","embeddable":true,"href":"https:\/\/blog.polityka.pl\/adamczewski\/wp-json\/wp\/v2\/categories?post=9850"},{"taxonomy":"post_tag","embeddable":true,"href":"https:\/\/blog.polityka.pl\/adamczewski\/wp-json\/wp\/v2\/tags?post=9850"}],"curies":[{"name":"wp","href":"https:\/\/api.w.org\/{rel}","templated":true}]}}