
{"id":9851,"date":"2008-04-13T20:42:26","date_gmt":"2008-04-13T19:42:26","guid":{"rendered":"http:\/\/adamczewscy.pl\/?p=1969"},"modified":"2008-04-13T20:42:26","modified_gmt":"2008-04-13T19:42:26","slug":"ciasto-herbaciane","status":"publish","type":"post","link":"https:\/\/blog.polityka.pl\/adamczewski\/2008\/04\/13\/ciasto-herbaciane\/","title":{"rendered":"Ciasto herbaciane"},"content":{"rendered":"<p><em>Szklanka mocnej nies\u0142odzonej herbaty, szklanka m\u0105ki pszennej (tortowej), szklanka bakalii (pokrojonych \u015bliwek, pomara\u0144czowej sk\u00f3rki, orzech\u00f3w, migda\u0142\u00f3w i rodzynek), jajko, p\u00f3\u0142torej \u0142y\u017ceczki proszku do pieczenia, 8 p\u0142askich \u0142y\u017cek cukru, \u0142y\u017cka mas\u0142a do wysmarowania blaszki.<\/em><\/p>\n<p>1. Bakalie w przeddzie\u0144 zala\u0107 szklank\u0105 gor\u0105cej gorzkiej herbaty.<br \/>\n2. Do miski wbi\u0107 jajko i dodaj\u0105c cukier utrze\u0107 na puszyst\u0105 mas\u0119.<br \/>\n3. M\u0105k\u0119 wymiesza\u0107 z proszkiem doi pieczenia.<br \/>\n4. Do puszystej masy jajecznej dodawa\u0107, ucieraj\u0105c, m\u0105k\u0119 a nast\u0119pnie bakalie wraz z herbat\u0105, w kt\u00f3rej si\u0119 namoczy\u0142y.<br \/>\n5. Prze\u0142o\u017cy\u0107 ciasto do wysmarowanej t\u0142uszczem formy. W piekarniku o temperaturze 180 st C piec oko\u0142o 50 minut.<\/p>\n<p>Ciasto mo\u017cna polukrowa\u0107, ucieraj\u0105c cukier puder z dodawanym po kropli sokiem z cytryny lub posypa\u0107 cukrem pudrem.<\/p>\n","protected":false},"excerpt":{"rendered":"<p>Szklanka mocnej nies\u0142odzonej herbaty, szklanka m\u0105ki pszennej (tortowej), szklanka bakalii (pokrojonych \u015bliwek, pomara\u0144czowej sk\u00f3rki, orzech\u00f3w, migda\u0142\u00f3w i rodzynek), jajko, p\u00f3\u0142torej \u0142y\u017ceczki proszku do pieczenia, 8 p\u0142askich \u0142y\u017cek cukru, \u0142y\u017cka mas\u0142a do wysmarowania blaszki. 1. Bakalie w przeddzie\u0144 zala\u0107 szklank\u0105 gor\u0105cej gorzkiej herbaty. 2. Do miski wbi\u0107 jajko i dodaj\u0105c cukier utrze\u0107 na puszyst\u0105 mas\u0119. 3. [&hellip;]<\/p>\n","protected":false},"author":2,"featured_media":0,"comment_status":"open","ping_status":"open","sticky":false,"template":"","format":"standard","meta":{"footnotes":""},"categories":[1],"tags":[],"_links":{"self":[{"href":"https:\/\/blog.polityka.pl\/adamczewski\/wp-json\/wp\/v2\/posts\/9851"}],"collection":[{"href":"https:\/\/blog.polityka.pl\/adamczewski\/wp-json\/wp\/v2\/posts"}],"about":[{"href":"https:\/\/blog.polityka.pl\/adamczewski\/wp-json\/wp\/v2\/types\/post"}],"author":[{"embeddable":true,"href":"https:\/\/blog.polityka.pl\/adamczewski\/wp-json\/wp\/v2\/users\/2"}],"replies":[{"embeddable":true,"href":"https:\/\/blog.polityka.pl\/adamczewski\/wp-json\/wp\/v2\/comments?post=9851"}],"version-history":[{"count":0,"href":"https:\/\/blog.polityka.pl\/adamczewski\/wp-json\/wp\/v2\/posts\/9851\/revisions"}],"wp:attachment":[{"href":"https:\/\/blog.polityka.pl\/adamczewski\/wp-json\/wp\/v2\/media?parent=9851"}],"wp:term":[{"taxonomy":"category","embeddable":true,"href":"https:\/\/blog.polityka.pl\/adamczewski\/wp-json\/wp\/v2\/categories?post=9851"},{"taxonomy":"post_tag","embeddable":true,"href":"https:\/\/blog.polityka.pl\/adamczewski\/wp-json\/wp\/v2\/tags?post=9851"}],"curies":[{"name":"wp","href":"https:\/\/api.w.org\/{rel}","templated":true}]}}