
{"id":9852,"date":"2008-04-20T15:37:02","date_gmt":"2008-04-20T14:37:02","guid":{"rendered":"http:\/\/adamczewscy.pl\/?p=1973"},"modified":"2008-04-20T15:37:02","modified_gmt":"2008-04-20T14:37:02","slug":"zupa-z-kurek-swiezych-lub-mrozonych","status":"publish","type":"post","link":"https:\/\/blog.polityka.pl\/adamczewski\/2008\/04\/20\/zupa-z-kurek-swiezych-lub-mrozonych\/","title":{"rendered":"Zupa z kurek (\u015bwie\u017cych lub mro\u017conych)"},"content":{"rendered":"<p><em>(6 porcji)<\/p>\n<p>6 szklanek roso\u0142u warzywnego (wywaru lub z kostki), 50 dag \u015bwie\u017cych lub mro\u017conych kurek, \u0142y\u017cka mas\u0142a, cytryna, 4 \u0142y\u017cki \u015bmietany, 2 \u0142y\u017cki siekanej zielonej pietruszki, po szczypcie suszonego tymianku i rozmarynu, s\u00f3l, pieprz, \u0142y\u017cka siekanej zielonej pietruszki. Jako dodatek :makaron, kluski k\u0142adzione lub zacierki.<\/em><br \/>\n1. Grzyby oczy\u015bci\u0107, pokroi\u0107 w paski, podsma\u017cy\u0107 na ma\u015ble.<br \/>\n2. Wyszorowan\u0105 cytryn\u0119 pokroi\u0107 w p\u00f3\u0142plasterki.<br \/>\n3. Po\u0142\u0105czy\u0107 grzyby z wywarem, doda\u0107 pokrojon\u0105 cytryn\u0119, tymianek, rozmaryn oraz na koniec \u015bmietan\u0119, doprawi\u0107 sol\u0105 i pieprzem, zagotowa\u0107. Ka\u017cd\u0105 porcj\u0119 posypa\u0107 zielon\u0105 pietruszk\u0105.<\/p>\n<p>Zamiast \u015bmietany mo\u017cna doda\u0107 do zupy p\u00f3\u0142 szklanki wytrawnego wina,  i tak\u0105 czyst\u0105 zup\u0119 mo\u017cna poda\u0107 na eleganckie przyj\u0119cie z kruchymi wytrawnymi ciasteczkami.<\/p>\n","protected":false},"excerpt":{"rendered":"<p>(6 porcji) 6 szklanek roso\u0142u warzywnego (wywaru lub z kostki), 50 dag \u015bwie\u017cych lub mro\u017conych kurek, \u0142y\u017cka mas\u0142a, cytryna, 4 \u0142y\u017cki \u015bmietany, 2 \u0142y\u017cki siekanej zielonej pietruszki, po szczypcie suszonego tymianku i rozmarynu, s\u00f3l, pieprz, \u0142y\u017cka siekanej zielonej pietruszki. Jako dodatek :makaron, kluski k\u0142adzione lub zacierki. 1. Grzyby oczy\u015bci\u0107, pokroi\u0107 w paski, podsma\u017cy\u0107 na ma\u015ble. [&hellip;]<\/p>\n","protected":false},"author":2,"featured_media":0,"comment_status":"open","ping_status":"open","sticky":false,"template":"","format":"standard","meta":{"footnotes":""},"categories":[1],"tags":[],"_links":{"self":[{"href":"https:\/\/blog.polityka.pl\/adamczewski\/wp-json\/wp\/v2\/posts\/9852"}],"collection":[{"href":"https:\/\/blog.polityka.pl\/adamczewski\/wp-json\/wp\/v2\/posts"}],"about":[{"href":"https:\/\/blog.polityka.pl\/adamczewski\/wp-json\/wp\/v2\/types\/post"}],"author":[{"embeddable":true,"href":"https:\/\/blog.polityka.pl\/adamczewski\/wp-json\/wp\/v2\/users\/2"}],"replies":[{"embeddable":true,"href":"https:\/\/blog.polityka.pl\/adamczewski\/wp-json\/wp\/v2\/comments?post=9852"}],"version-history":[{"count":0,"href":"https:\/\/blog.polityka.pl\/adamczewski\/wp-json\/wp\/v2\/posts\/9852\/revisions"}],"wp:attachment":[{"href":"https:\/\/blog.polityka.pl\/adamczewski\/wp-json\/wp\/v2\/media?parent=9852"}],"wp:term":[{"taxonomy":"category","embeddable":true,"href":"https:\/\/blog.polityka.pl\/adamczewski\/wp-json\/wp\/v2\/categories?post=9852"},{"taxonomy":"post_tag","embeddable":true,"href":"https:\/\/blog.polityka.pl\/adamczewski\/wp-json\/wp\/v2\/tags?post=9852"}],"curies":[{"name":"wp","href":"https:\/\/api.w.org\/{rel}","templated":true}]}}