
{"id":9861,"date":"2008-04-27T23:44:29","date_gmt":"2008-04-27T22:44:29","guid":{"rendered":"http:\/\/adamczewscy.pl\/?p=1983"},"modified":"2008-04-27T23:44:29","modified_gmt":"2008-04-27T22:44:29","slug":"ziemniaki-pieczone","status":"publish","type":"post","link":"https:\/\/blog.polityka.pl\/adamczewski\/2008\/04\/27\/ziemniaki-pieczone\/","title":{"rendered":"Ziemniaki pieczone"},"content":{"rendered":"<p><em>(6 porcji)<\/p>\n<p>12 \u015brednich ziemniak\u00f3w, 6 \u0142y\u017cek oliwy. Na sos: \u0142y\u017ceczka soku cytrynowego,  2 \u0142y\u017cki musztardy, 4 \u0142y\u017cki \u015bmietany, s\u00f3l, pieprz. Do posypania ziemniak\u00f3w : 2 \u0142y\u017cki siekanej zielonej pietruszki, 2 \u0142y\u017cki siekanego \u015bwie\u017cego tymianku.<\/em><br \/>\n1. Ziemniaki wyszorowa\u0107 szczoteczk\u0105. Pokroi\u0107 na \u0107wiartki, u\u0142o\u017cy\u0107 na pokropionej oliw\u0105 blaszce. Piec w temperaturze 200 st C, a\u017c stan\u0105 si\u0119 mi\u0119kkie i rumiane.<br \/>\n2. Wymiesza\u0107 widelcem sk\u0142adniki sosu lekko ubijaj\u0105c, doda\u0107 s\u00f3l i pieprz.<br \/>\n3. Upieczone ziemniaki posypa\u0107 siekanym tymiankiem i zielona pietruszk\u0105. Sos poda\u0107 osobno.<\/p>\n<p>Taki pachn\u0105cy dodatek do potraw mi\u0119snych i rybnych  zazwyczaj smakuje wszystkim, jednak nale\u017cy pami\u0119ta\u0107, \u017ce  nie wszystkim mo\u017ce odpowiada\u0107 dodatek pachn\u0105cych zi\u00f3\u0142 &#8211; znaj\u0105c gust biesiadnik\u00f3w, mo\u017cna posypa\u0107 ziemniaki tylko jednym zi\u00f3\u0142kiem lub wcale.<\/p>\n","protected":false},"excerpt":{"rendered":"<p>(6 porcji) 12 \u015brednich ziemniak\u00f3w, 6 \u0142y\u017cek oliwy. Na sos: \u0142y\u017ceczka soku cytrynowego, 2 \u0142y\u017cki musztardy, 4 \u0142y\u017cki \u015bmietany, s\u00f3l, pieprz. Do posypania ziemniak\u00f3w : 2 \u0142y\u017cki siekanej zielonej pietruszki, 2 \u0142y\u017cki siekanego \u015bwie\u017cego tymianku. 1. Ziemniaki wyszorowa\u0107 szczoteczk\u0105. Pokroi\u0107 na \u0107wiartki, u\u0142o\u017cy\u0107 na pokropionej oliw\u0105 blaszce. Piec w temperaturze 200 st C, a\u017c stan\u0105 [&hellip;]<\/p>\n","protected":false},"author":2,"featured_media":0,"comment_status":"open","ping_status":"open","sticky":false,"template":"","format":"standard","meta":{"footnotes":""},"categories":[1],"tags":[],"_links":{"self":[{"href":"https:\/\/blog.polityka.pl\/adamczewski\/wp-json\/wp\/v2\/posts\/9861"}],"collection":[{"href":"https:\/\/blog.polityka.pl\/adamczewski\/wp-json\/wp\/v2\/posts"}],"about":[{"href":"https:\/\/blog.polityka.pl\/adamczewski\/wp-json\/wp\/v2\/types\/post"}],"author":[{"embeddable":true,"href":"https:\/\/blog.polityka.pl\/adamczewski\/wp-json\/wp\/v2\/users\/2"}],"replies":[{"embeddable":true,"href":"https:\/\/blog.polityka.pl\/adamczewski\/wp-json\/wp\/v2\/comments?post=9861"}],"version-history":[{"count":0,"href":"https:\/\/blog.polityka.pl\/adamczewski\/wp-json\/wp\/v2\/posts\/9861\/revisions"}],"wp:attachment":[{"href":"https:\/\/blog.polityka.pl\/adamczewski\/wp-json\/wp\/v2\/media?parent=9861"}],"wp:term":[{"taxonomy":"category","embeddable":true,"href":"https:\/\/blog.polityka.pl\/adamczewski\/wp-json\/wp\/v2\/categories?post=9861"},{"taxonomy":"post_tag","embeddable":true,"href":"https:\/\/blog.polityka.pl\/adamczewski\/wp-json\/wp\/v2\/tags?post=9861"}],"curies":[{"name":"wp","href":"https:\/\/api.w.org\/{rel}","templated":true}]}}