
{"id":9863,"date":"2008-04-27T23:46:48","date_gmt":"2008-04-27T22:46:48","guid":{"rendered":"http:\/\/adamczewscy.pl\/?p=1985"},"modified":"2008-04-27T23:46:48","modified_gmt":"2008-04-27T22:46:48","slug":"tort-bananowy","status":"publish","type":"post","link":"https:\/\/blog.polityka.pl\/adamczewski\/2008\/04\/27\/tort-bananowy\/","title":{"rendered":"Tort bananowy"},"content":{"rendered":"<p><em>20 dag biszkopcik\u00f3w, opakowanie galaretki (najlepiej agrestowej lub kiwi, o jasnej barwie), kostka mas\u0142a, \u017c\u00f3\u0142tko, p\u00f3\u0142 szklanki cukru, 3 banany, 4 \u0142y\u017ceczki \u017celatyny instant, 4 \u0142y\u017cki mleka.<\/em><br \/>\n1. Rozpu\u015bci\u0107 galaretk\u0119 w podanej w przepisie ilo\u015bci wody.<br \/>\n2. Macza\u0107 biszkopciki w galaretce i uk\u0142ada\u0107 na dnie tortownicy o \u015brednicy 30 cm. Pozosta\u0142\u0105 galaretk\u0119 utrzymywa\u0107 w temperaturze pokojowej, aby si\u0119 nie \u015bci\u0119\u0142a.<br \/>\n3. Utrze\u0107 mas\u0142o z \u017c\u00f3\u0142tkiem i cukrem na puszyst\u0105 mas\u0119.<br \/>\n4. Banany (nie powinny by\u0107 zbyt mi\u0119kkie) zetrze\u0107 na jarzynowej tarce, doda\u0107 do utartego mas\u0142a.<br \/>\n5. \u017belatyn\u0119 rozpu\u015bci\u0107 w gor\u0105cym mleku, ostudzi\u0107.<br \/>\n6. Doda\u0107 \u017celatyn\u0119 do masy bananowej, wy\u0142o\u017cy\u0107 j\u0105 na biszkopty. Odstawi\u0107 do st\u0119\u017cenia w ch\u0142odne miejsce.<br \/>\n7. Na st\u0119\u017ca\u0142\u0105 mas\u0119 wyla\u0107 pozosta\u0142\u0105 galaretk\u0119 i odstawi\u0107 do st\u0119\u017cenia.  (Mo\u017cna ozdobi\u0107 wierzch tortu owocami i dopiero w\u00f3wczas zala\u0107 go galaretk\u0105).<\/p>\n","protected":false},"excerpt":{"rendered":"<p>20 dag biszkopcik\u00f3w, opakowanie galaretki (najlepiej agrestowej lub kiwi, o jasnej barwie), kostka mas\u0142a, \u017c\u00f3\u0142tko, p\u00f3\u0142 szklanki cukru, 3 banany, 4 \u0142y\u017ceczki \u017celatyny instant, 4 \u0142y\u017cki mleka. 1. Rozpu\u015bci\u0107 galaretk\u0119 w podanej w przepisie ilo\u015bci wody. 2. Macza\u0107 biszkopciki w galaretce i uk\u0142ada\u0107 na dnie tortownicy o \u015brednicy 30 cm. Pozosta\u0142\u0105 galaretk\u0119 utrzymywa\u0107 w temperaturze [&hellip;]<\/p>\n","protected":false},"author":2,"featured_media":0,"comment_status":"open","ping_status":"open","sticky":false,"template":"","format":"standard","meta":{"footnotes":""},"categories":[1],"tags":[],"_links":{"self":[{"href":"https:\/\/blog.polityka.pl\/adamczewski\/wp-json\/wp\/v2\/posts\/9863"}],"collection":[{"href":"https:\/\/blog.polityka.pl\/adamczewski\/wp-json\/wp\/v2\/posts"}],"about":[{"href":"https:\/\/blog.polityka.pl\/adamczewski\/wp-json\/wp\/v2\/types\/post"}],"author":[{"embeddable":true,"href":"https:\/\/blog.polityka.pl\/adamczewski\/wp-json\/wp\/v2\/users\/2"}],"replies":[{"embeddable":true,"href":"https:\/\/blog.polityka.pl\/adamczewski\/wp-json\/wp\/v2\/comments?post=9863"}],"version-history":[{"count":0,"href":"https:\/\/blog.polityka.pl\/adamczewski\/wp-json\/wp\/v2\/posts\/9863\/revisions"}],"wp:attachment":[{"href":"https:\/\/blog.polityka.pl\/adamczewski\/wp-json\/wp\/v2\/media?parent=9863"}],"wp:term":[{"taxonomy":"category","embeddable":true,"href":"https:\/\/blog.polityka.pl\/adamczewski\/wp-json\/wp\/v2\/categories?post=9863"},{"taxonomy":"post_tag","embeddable":true,"href":"https:\/\/blog.polityka.pl\/adamczewski\/wp-json\/wp\/v2\/tags?post=9863"}],"curies":[{"name":"wp","href":"https:\/\/api.w.org\/{rel}","templated":true}]}}