
{"id":9866,"date":"2008-04-27T23:49:56","date_gmt":"2008-04-27T22:49:56","guid":{"rendered":"http:\/\/adamczewscy.pl\/?p=1988"},"modified":"2008-04-27T23:49:56","modified_gmt":"2008-04-27T22:49:56","slug":"chlodnik-migdalowy-z-kurczakiem","status":"publish","type":"post","link":"https:\/\/blog.polityka.pl\/adamczewski\/2008\/04\/27\/chlodnik-migdalowy-z-kurczakiem\/","title":{"rendered":"Ch\u0142odnik migda\u0142owy z kurczakiem"},"content":{"rendered":"<p><em>(4 porcje)<\/p>\n<p>Szklanka bulionu drobiowego (z kostki), 2 szklanki jogurtu naturalnego, szklanka drobno pokrojonego mi\u0119sa pieczonego lub gotowanego kurczaka, li\u015b\u0107 laurowy, s\u00f3l, pieprz, z\u0105bek czosnku, 5 dag p\u0142atk\u00f3w migda\u0142owych, \u0142y\u017cka mas\u0142a.<\/em><br \/>\n1. Wymiesza\u0107 jogurt z bulionem, doda\u0107 mi\u0119so kurczaka, przeci\u015bni\u0119ty przez prask\u0119 czosnek, li\u015b\u0107 laurowy, pieprz, s\u00f3l.<br \/>\n2. Na patelni rozpu\u015bci\u0107 mas\u0142o, upra\u017cy\u0107 na nim migda\u0142owe p\u0142atki. Nale\u017cy miesza\u0107, aby nie przypiek\u0142y si\u0119 zbyt silnie z jednej strony.<br \/>\n3. Po\u0142ow\u0119 migda\u0142\u00f3w doda\u0107 do ch\u0142odnika, wstawi\u0107 do lod\u00f3wki.<br \/>\n4. Podawa\u0107 ch\u0142odnik w fili\u017cankach, tzw. bulion\u00f3wkach, posypany pozosta\u0142ymi upra\u017conymi migda\u0142ami.<\/p>\n<p>Ch\u0142odnik migda\u0142owy jest dobr\u0105 syc\u0105c\u0105 zup\u0105, odpowiedni\u0105  na dni gor\u0105ce, ale i na ch\u0142odne.<br \/>\nDoskonale nadaje si\u0119 aby wzi\u0105\u0107 go ze sob\u0105 na piknik. Mi\u0119so z kurczaka mo\u017cna zast\u0105pi\u0107 ciel\u0119cin\u0105 lub pieczonym schabem.<\/p>\n","protected":false},"excerpt":{"rendered":"<p>(4 porcje) Szklanka bulionu drobiowego (z kostki), 2 szklanki jogurtu naturalnego, szklanka drobno pokrojonego mi\u0119sa pieczonego lub gotowanego kurczaka, li\u015b\u0107 laurowy, s\u00f3l, pieprz, z\u0105bek czosnku, 5 dag p\u0142atk\u00f3w migda\u0142owych, \u0142y\u017cka mas\u0142a. 1. Wymiesza\u0107 jogurt z bulionem, doda\u0107 mi\u0119so kurczaka, przeci\u015bni\u0119ty przez prask\u0119 czosnek, li\u015b\u0107 laurowy, pieprz, s\u00f3l. 2. Na patelni rozpu\u015bci\u0107 mas\u0142o, upra\u017cy\u0107 na nim [&hellip;]<\/p>\n","protected":false},"author":2,"featured_media":0,"comment_status":"open","ping_status":"open","sticky":false,"template":"","format":"standard","meta":{"footnotes":""},"categories":[1],"tags":[],"_links":{"self":[{"href":"https:\/\/blog.polityka.pl\/adamczewski\/wp-json\/wp\/v2\/posts\/9866"}],"collection":[{"href":"https:\/\/blog.polityka.pl\/adamczewski\/wp-json\/wp\/v2\/posts"}],"about":[{"href":"https:\/\/blog.polityka.pl\/adamczewski\/wp-json\/wp\/v2\/types\/post"}],"author":[{"embeddable":true,"href":"https:\/\/blog.polityka.pl\/adamczewski\/wp-json\/wp\/v2\/users\/2"}],"replies":[{"embeddable":true,"href":"https:\/\/blog.polityka.pl\/adamczewski\/wp-json\/wp\/v2\/comments?post=9866"}],"version-history":[{"count":0,"href":"https:\/\/blog.polityka.pl\/adamczewski\/wp-json\/wp\/v2\/posts\/9866\/revisions"}],"wp:attachment":[{"href":"https:\/\/blog.polityka.pl\/adamczewski\/wp-json\/wp\/v2\/media?parent=9866"}],"wp:term":[{"taxonomy":"category","embeddable":true,"href":"https:\/\/blog.polityka.pl\/adamczewski\/wp-json\/wp\/v2\/categories?post=9866"},{"taxonomy":"post_tag","embeddable":true,"href":"https:\/\/blog.polityka.pl\/adamczewski\/wp-json\/wp\/v2\/tags?post=9866"}],"curies":[{"name":"wp","href":"https:\/\/api.w.org\/{rel}","templated":true}]}}