
{"id":9867,"date":"2008-04-27T23:50:40","date_gmt":"2008-04-27T22:50:40","guid":{"rendered":"http:\/\/adamczewscy.pl\/?p=1989"},"modified":"2008-04-27T23:50:40","modified_gmt":"2008-04-27T22:50:40","slug":"%e2%80%9eflaczki%e2%80%9d-z-boczniakow","status":"publish","type":"post","link":"https:\/\/blog.polityka.pl\/adamczewski\/2008\/04\/27\/%e2%80%9eflaczki%e2%80%9d-z-boczniakow\/","title":{"rendered":"?Flaczki? z boczniak\u00f3w"},"content":{"rendered":"<p><em>(4 porcje)<\/p>\n<p>30 dag boczniak\u00f3w, du\u017ca bia\u0142a cebula, 2 marchwie, pietruszka, kawa\u0142ek selera, por, kostka bulionu warzywnego, \u0142y\u017cka mas\u0142a, ga\u0142ka muszkato\u0142owa, s\u00f3l i pieprz do smaku, ew. przyprawa do flak\u00f3w.<\/em><br \/>\n1. Pokroi\u0107 boczniaki w paseczki, cebul\u0119 posieka\u0107.<br \/>\n2. Roztopi\u0107 mas\u0142o w garnku i podsma\u017cy\u0107 na nim grzyby z cebul\u0105.<br \/>\n3. Ugotowa\u0107 wywar z w\u0142oszczyzny w 4 szklankach wody, doda\u0107 kostk\u0119 roso\u0142ow\u0105.<br \/>\n4. Po\u0142\u0105czy\u0107 uduszone z cebul\u0105 grzyby z wywarem, doprawi\u0107 sol\u0105, pieprzem,  ga\u0142k\u0105 muszkato\u0142ow\u0105 i ewentualnie przypraw\u0105 do flak\u00f3w.<\/p>\n<p>Danie to jest zaskakuj\u0105c\u0105 wersj\u0105 zupy grzybowej. Boczniaki to wspania\u0142e, aromatyczne grzyby, kruche i delikatne, r\u00f3wnie znakomite w tej formie jak i sma\u017cone w oleju, panierowane uprzednio w jajku i tartej bu\u0142ce.<br \/>\nDo zupy mo\u017cna podawa\u0107 grzanki lub ugotowany makaron.<\/p>\n","protected":false},"excerpt":{"rendered":"<p>(4 porcje) 30 dag boczniak\u00f3w, du\u017ca bia\u0142a cebula, 2 marchwie, pietruszka, kawa\u0142ek selera, por, kostka bulionu warzywnego, \u0142y\u017cka mas\u0142a, ga\u0142ka muszkato\u0142owa, s\u00f3l i pieprz do smaku, ew. przyprawa do flak\u00f3w. 1. Pokroi\u0107 boczniaki w paseczki, cebul\u0119 posieka\u0107. 2. Roztopi\u0107 mas\u0142o w garnku i podsma\u017cy\u0107 na nim grzyby z cebul\u0105. 3. Ugotowa\u0107 wywar z w\u0142oszczyzny w [&hellip;]<\/p>\n","protected":false},"author":2,"featured_media":0,"comment_status":"open","ping_status":"open","sticky":false,"template":"","format":"standard","meta":{"footnotes":""},"categories":[1],"tags":[],"_links":{"self":[{"href":"https:\/\/blog.polityka.pl\/adamczewski\/wp-json\/wp\/v2\/posts\/9867"}],"collection":[{"href":"https:\/\/blog.polityka.pl\/adamczewski\/wp-json\/wp\/v2\/posts"}],"about":[{"href":"https:\/\/blog.polityka.pl\/adamczewski\/wp-json\/wp\/v2\/types\/post"}],"author":[{"embeddable":true,"href":"https:\/\/blog.polityka.pl\/adamczewski\/wp-json\/wp\/v2\/users\/2"}],"replies":[{"embeddable":true,"href":"https:\/\/blog.polityka.pl\/adamczewski\/wp-json\/wp\/v2\/comments?post=9867"}],"version-history":[{"count":0,"href":"https:\/\/blog.polityka.pl\/adamczewski\/wp-json\/wp\/v2\/posts\/9867\/revisions"}],"wp:attachment":[{"href":"https:\/\/blog.polityka.pl\/adamczewski\/wp-json\/wp\/v2\/media?parent=9867"}],"wp:term":[{"taxonomy":"category","embeddable":true,"href":"https:\/\/blog.polityka.pl\/adamczewski\/wp-json\/wp\/v2\/categories?post=9867"},{"taxonomy":"post_tag","embeddable":true,"href":"https:\/\/blog.polityka.pl\/adamczewski\/wp-json\/wp\/v2\/tags?post=9867"}],"curies":[{"name":"wp","href":"https:\/\/api.w.org\/{rel}","templated":true}]}}