
{"id":9869,"date":"2008-04-27T23:52:22","date_gmt":"2008-04-27T22:52:22","guid":{"rendered":"http:\/\/adamczewscy.pl\/?p=1991"},"modified":"2008-04-27T23:52:22","modified_gmt":"2008-04-27T22:52:22","slug":"paprykarz-z-lososia","status":"publish","type":"post","link":"https:\/\/blog.polityka.pl\/adamczewski\/2008\/04\/27\/paprykarz-z-lososia\/","title":{"rendered":"Paprykarz z \u0142ososia"},"content":{"rendered":"<p><em>(4 porcje)<\/p>\n<p>50 dag filet\u00f3w (bez sk\u00f3ry)  z \u0142ososia, marchew, pietruszka, 3 \u0142odygi selera naciowego, 100 gramowa puszka zielonego konserwowego groszku, 3 \u0142y\u017cki mas\u0142a, \u0142y\u017cka m\u0105ki, szklanka \u015bmietany 12-proc.,  mielona s\u0142odka papryka, ga\u0142\u0105zka rozmarynu, li\u015b\u0107 laurowy, s\u00f3l, pieprz<\/em><\/p>\n<p>1. Filety pokroi\u0107 na kawa\u0142ki wielko\u015bci po\u0142owy pude\u0142ka zapa\u0142ek, posoli\u0107.<br \/>\n2. Marchew i pietruszk\u0119 oczy\u015bci\u0107, pokroi\u0107 w paski, \u0142odygi selera pokroi\u0107 w niewielkie kawa\u0142ki.<br \/>\n3. W garnku rozgrza\u0107 \u0142y\u017ck\u0119 mas\u0142a, doda\u0107 pokrojone warzywa i dusi\u0107 10 minut, w razie potrzeby podlewaj\u0105c kilkoma \u0142y\u017ckami wody. Doda\u0107 rozmaryn i li\u015b\u0107 laurowy, troch\u0119 soli.<br \/>\n4. Na warzywach u\u0142o\u017cy\u0107 ryb\u0119, podla\u0107 szklank\u0105 wody i dusi\u0107 10 minut.<br \/>\n5. Pozosta\u0142\u0119 mas\u0142o rozgrza\u0107, doda\u0107 m\u0105k\u0119 i kiedy spieni si\u0119 i zbieleje doda\u0107 \u015bmietan\u0119 i papryk\u0119, odrobin\u0119 soli do smaku, gotowa\u0107, a\u017c sos zacznie g\u0119stnie\u0107.<br \/>\n6. Ods\u0105czy\u0107 z zalewy groszek. Wraz z sosem doda\u0107 do ryby z warzywami i chwil\u0119 gotowa\u0107, aby wszystkie smaki wzajemnie si\u0119 przenikn\u0119\u0142y<\/p>\n<p>Ta potrawa najlepiej smakuje z ziemniakami z wody lub ry\u017cem ugotowanym na sypko.<\/p>\n","protected":false},"excerpt":{"rendered":"<p>(4 porcje) 50 dag filet\u00f3w (bez sk\u00f3ry) z \u0142ososia, marchew, pietruszka, 3 \u0142odygi selera naciowego, 100 gramowa puszka zielonego konserwowego groszku, 3 \u0142y\u017cki mas\u0142a, \u0142y\u017cka m\u0105ki, szklanka \u015bmietany 12-proc., mielona s\u0142odka papryka, ga\u0142\u0105zka rozmarynu, li\u015b\u0107 laurowy, s\u00f3l, pieprz 1. Filety pokroi\u0107 na kawa\u0142ki wielko\u015bci po\u0142owy pude\u0142ka zapa\u0142ek, posoli\u0107. 2. Marchew i pietruszk\u0119 oczy\u015bci\u0107, pokroi\u0107 w [&hellip;]<\/p>\n","protected":false},"author":2,"featured_media":0,"comment_status":"open","ping_status":"open","sticky":false,"template":"","format":"standard","meta":{"footnotes":""},"categories":[1],"tags":[],"_links":{"self":[{"href":"https:\/\/blog.polityka.pl\/adamczewski\/wp-json\/wp\/v2\/posts\/9869"}],"collection":[{"href":"https:\/\/blog.polityka.pl\/adamczewski\/wp-json\/wp\/v2\/posts"}],"about":[{"href":"https:\/\/blog.polityka.pl\/adamczewski\/wp-json\/wp\/v2\/types\/post"}],"author":[{"embeddable":true,"href":"https:\/\/blog.polityka.pl\/adamczewski\/wp-json\/wp\/v2\/users\/2"}],"replies":[{"embeddable":true,"href":"https:\/\/blog.polityka.pl\/adamczewski\/wp-json\/wp\/v2\/comments?post=9869"}],"version-history":[{"count":0,"href":"https:\/\/blog.polityka.pl\/adamczewski\/wp-json\/wp\/v2\/posts\/9869\/revisions"}],"wp:attachment":[{"href":"https:\/\/blog.polityka.pl\/adamczewski\/wp-json\/wp\/v2\/media?parent=9869"}],"wp:term":[{"taxonomy":"category","embeddable":true,"href":"https:\/\/blog.polityka.pl\/adamczewski\/wp-json\/wp\/v2\/categories?post=9869"},{"taxonomy":"post_tag","embeddable":true,"href":"https:\/\/blog.polityka.pl\/adamczewski\/wp-json\/wp\/v2\/tags?post=9869"}],"curies":[{"name":"wp","href":"https:\/\/api.w.org\/{rel}","templated":true}]}}