
{"id":9870,"date":"2008-04-27T23:53:26","date_gmt":"2008-04-27T22:53:26","guid":{"rendered":"http:\/\/adamczewscy.pl\/?p=1992"},"modified":"2008-04-27T23:53:26","modified_gmt":"2008-04-27T22:53:26","slug":"piknikowe-parowki","status":"publish","type":"post","link":"https:\/\/blog.polityka.pl\/adamczewski\/2008\/04\/27\/piknikowe-parowki\/","title":{"rendered":"Piknikowe par\u00f3wki"},"content":{"rendered":"<p><em>(4 porcje)<\/p>\n<p>8 d\u0142ugich par\u00f3wek (np. wiede\u0144skich), 4 plasterki ostrego \u017c\u00f3\u0142tego sera, 4 plastry szynki, 8 plastr\u00f3w w\u0119dzonego boczku, 2 \u0142y\u017cki dobrej francuskiej musztardy, 2 \u0142y\u017cki keczupu, \u0142y\u017ceczka posiekanego \u015bwie\u017cego lub suszonego tymianku, \u0142y\u017ceczka majeranku, przeci\u015bni\u0119ty przez prask\u0119 z\u0105bek czosnku, na koniec \u0142y\u017ceczki soli.<\/em><br \/>\n1. Wymiesza\u0107 musztard\u0119 z keczupem, tymiankiem, majerankiem i utartym z sol\u0105 przeci\u015bni\u0119tym przez prask\u0119 czosnkiem.<br \/>\n2. Par\u00f3wki,  je\u017celi s\u0105 w plastikowej os\u0142once obra\u0107 z niej, par\u00f3wki w os\u0142once naturalnej pozostawi\u0107 nie obrane, przekroi\u0107 wzd\u0142u\u017c na po\u0142\u00f3wki.<br \/>\n3. Ka\u017cd\u0105 po\u0142\u00f3wk\u0119 posmarowa\u0107 w miejscu przeci\u0119cia mieszank\u0105 keczupu z musztard\u0105, pomi\u0119dzy po\u0142\u00f3wki w\u0142o\u017cy\u0107 po p\u00f3\u0142 plasterka sera i szynki, owin\u0105\u0107 plastrem w\u0119dzonego boczku i spi\u0105\u0107 wyka\u0142aczk\u0105.<br \/>\n4. Par\u00f3wki upiec w piekarniku lub na grillu.<\/p>\n<p>To \u0142atwe i niek\u0142opotliwe danie jest przy tym bardzo smaczne. Mo\u017cna je przygotowa\u0107 wcze\u015bniej, zabra\u0107 ze sob\u0105 na piknik i tam dopiero upiec na grillu.<br \/>\nDoskonale smakuje z pieczonymi czy gotowanymi ziemniakami,  \u015bwie\u017c\u0105 czy odgrzan\u0105 bu\u0142k\u0105<br \/>\nA jako dodatek warto przygotowa\u0107 jak\u0105kolwiek sur\u00f3wk\u0119.<\/p>\n","protected":false},"excerpt":{"rendered":"<p>(4 porcje) 8 d\u0142ugich par\u00f3wek (np. wiede\u0144skich), 4 plasterki ostrego \u017c\u00f3\u0142tego sera, 4 plastry szynki, 8 plastr\u00f3w w\u0119dzonego boczku, 2 \u0142y\u017cki dobrej francuskiej musztardy, 2 \u0142y\u017cki keczupu, \u0142y\u017ceczka posiekanego \u015bwie\u017cego lub suszonego tymianku, \u0142y\u017ceczka majeranku, przeci\u015bni\u0119ty przez prask\u0119 z\u0105bek czosnku, na koniec \u0142y\u017ceczki soli. 1. Wymiesza\u0107 musztard\u0119 z keczupem, tymiankiem, majerankiem i utartym z sol\u0105 [&hellip;]<\/p>\n","protected":false},"author":2,"featured_media":0,"comment_status":"open","ping_status":"open","sticky":false,"template":"","format":"standard","meta":{"footnotes":""},"categories":[1],"tags":[],"_links":{"self":[{"href":"https:\/\/blog.polityka.pl\/adamczewski\/wp-json\/wp\/v2\/posts\/9870"}],"collection":[{"href":"https:\/\/blog.polityka.pl\/adamczewski\/wp-json\/wp\/v2\/posts"}],"about":[{"href":"https:\/\/blog.polityka.pl\/adamczewski\/wp-json\/wp\/v2\/types\/post"}],"author":[{"embeddable":true,"href":"https:\/\/blog.polityka.pl\/adamczewski\/wp-json\/wp\/v2\/users\/2"}],"replies":[{"embeddable":true,"href":"https:\/\/blog.polityka.pl\/adamczewski\/wp-json\/wp\/v2\/comments?post=9870"}],"version-history":[{"count":0,"href":"https:\/\/blog.polityka.pl\/adamczewski\/wp-json\/wp\/v2\/posts\/9870\/revisions"}],"wp:attachment":[{"href":"https:\/\/blog.polityka.pl\/adamczewski\/wp-json\/wp\/v2\/media?parent=9870"}],"wp:term":[{"taxonomy":"category","embeddable":true,"href":"https:\/\/blog.polityka.pl\/adamczewski\/wp-json\/wp\/v2\/categories?post=9870"},{"taxonomy":"post_tag","embeddable":true,"href":"https:\/\/blog.polityka.pl\/adamczewski\/wp-json\/wp\/v2\/tags?post=9870"}],"curies":[{"name":"wp","href":"https:\/\/api.w.org\/{rel}","templated":true}]}}