
{"id":9872,"date":"2008-05-04T19:20:52","date_gmt":"2008-05-04T18:20:52","guid":{"rendered":"http:\/\/adamczewscy.pl\/?p=1996"},"modified":"2008-05-04T19:20:52","modified_gmt":"2008-05-04T18:20:52","slug":"surowka-%e2%80%9ewiosenna%e2%80%9d","status":"publish","type":"post","link":"https:\/\/blog.polityka.pl\/adamczewski\/2008\/05\/04\/surowka-%e2%80%9ewiosenna%e2%80%9d\/","title":{"rendered":"Sur\u00f3wka ?wiosenna?"},"content":{"rendered":"<p><em>(4-6 porcji)<\/p>\n<p>Zielona sa\u0142ata (mas\u0142owa), p\u0119czek rzodkiewek, jajko na twardo, 2 \u0142y\u017cki siekanego szczypiorku, \u0142y\u017cka siekanego koperku p\u00f3l zielonego og\u00f3rka, 4 \u0142y\u017cki homogenizowanego twarogu, 4 \u0142y\u017cki. \u015bmietany 12-proc., \u0142y\u017ceczka majonezu, s\u00f3l, pieprz.<\/em><br \/>\n1. Pokroi\u0107 w paski sa\u0142at\u0119, rzodkiewk\u0119 w kr\u0105\u017cki, og\u00f3rek w paski, jajko posieka\u0107.<br \/>\n2. Wymiesza\u0107 twaro\u017cek homogenizowany, majonez i \u015bmietan\u0119, doda\u0107 s\u00f3l i pieprz.<br \/>\n3. Wymiesza\u0107 sk\u0142adniki sa\u0142atki  ze szczypiorkiem i koperkiem oraz z sosem, wymiesza\u0107.<\/p>\n<p>Sa\u0142atk\u0119 nale\u017cy podawa\u0107 od razu po przyrz\u0105dzeniu, aby jej sk\u0142adniki nie straci\u0142y j\u0119drno\u015bci.<\/p>\n","protected":false},"excerpt":{"rendered":"<p>(4-6 porcji) Zielona sa\u0142ata (mas\u0142owa), p\u0119czek rzodkiewek, jajko na twardo, 2 \u0142y\u017cki siekanego szczypiorku, \u0142y\u017cka siekanego koperku p\u00f3l zielonego og\u00f3rka, 4 \u0142y\u017cki homogenizowanego twarogu, 4 \u0142y\u017cki. \u015bmietany 12-proc., \u0142y\u017ceczka majonezu, s\u00f3l, pieprz. 1. Pokroi\u0107 w paski sa\u0142at\u0119, rzodkiewk\u0119 w kr\u0105\u017cki, og\u00f3rek w paski, jajko posieka\u0107. 2. Wymiesza\u0107 twaro\u017cek homogenizowany, majonez i \u015bmietan\u0119, doda\u0107 s\u00f3l i [&hellip;]<\/p>\n","protected":false},"author":2,"featured_media":0,"comment_status":"open","ping_status":"open","sticky":false,"template":"","format":"standard","meta":{"footnotes":""},"categories":[1],"tags":[],"_links":{"self":[{"href":"https:\/\/blog.polityka.pl\/adamczewski\/wp-json\/wp\/v2\/posts\/9872"}],"collection":[{"href":"https:\/\/blog.polityka.pl\/adamczewski\/wp-json\/wp\/v2\/posts"}],"about":[{"href":"https:\/\/blog.polityka.pl\/adamczewski\/wp-json\/wp\/v2\/types\/post"}],"author":[{"embeddable":true,"href":"https:\/\/blog.polityka.pl\/adamczewski\/wp-json\/wp\/v2\/users\/2"}],"replies":[{"embeddable":true,"href":"https:\/\/blog.polityka.pl\/adamczewski\/wp-json\/wp\/v2\/comments?post=9872"}],"version-history":[{"count":0,"href":"https:\/\/blog.polityka.pl\/adamczewski\/wp-json\/wp\/v2\/posts\/9872\/revisions"}],"wp:attachment":[{"href":"https:\/\/blog.polityka.pl\/adamczewski\/wp-json\/wp\/v2\/media?parent=9872"}],"wp:term":[{"taxonomy":"category","embeddable":true,"href":"https:\/\/blog.polityka.pl\/adamczewski\/wp-json\/wp\/v2\/categories?post=9872"},{"taxonomy":"post_tag","embeddable":true,"href":"https:\/\/blog.polityka.pl\/adamczewski\/wp-json\/wp\/v2\/tags?post=9872"}],"curies":[{"name":"wp","href":"https:\/\/api.w.org\/{rel}","templated":true}]}}