
{"id":9873,"date":"2008-05-04T19:21:40","date_gmt":"2008-05-04T18:21:40","guid":{"rendered":"http:\/\/adamczewscy.pl\/?p=1997"},"modified":"2008-05-04T19:21:40","modified_gmt":"2008-05-04T18:21:40","slug":"ryz-duszony-z-pieczarkami","status":"publish","type":"post","link":"https:\/\/blog.polityka.pl\/adamczewski\/2008\/05\/04\/ryz-duszony-z-pieczarkami\/","title":{"rendered":"Ry\u017c duszony z pieczarkami"},"content":{"rendered":"<p><em>(4-6 porcji)<\/p>\n<p>25 dag ry\u017cu basmati, 2 \u0142y\u017cki mas\u0142a, 15 dag pieczarek, cebula, 2 ziarna kardamonu, 2 go\u017adziki, 5 ziaren pieprzu, s\u00f3l.<\/em><br \/>\n1. Cebul\u0119 obra\u0107, pokroi\u0107 w cienkie pi\u00f3rka,<br \/>\n2. Pieczarki pokroi\u0107 w plasterki.<br \/>\n3. W garnku rozpu\u015bci\u0107 mas\u0142o, doda\u0107 kardamon i go\u017adziki oraz cebul\u0119, pieprz, odrobin\u0119 soli, sma\u017cy\u0107 3 minuty. Doda\u0107 pieczarki, sma\u017cy\u0107 3 minuty.<br \/>\n4. \u0141y\u017ck\u0105 cedzakow\u0105 wyj\u0105\u0107 pieczarki, na pozosta\u0142y w garnku t\u0142uszcz z przyprawami wsypa\u0107 ry\u017c, wymiesza\u0107,  dola\u0107 2 i p\u00f3\u0142 szklanki wody, gotowa\u0107 na ma\u0142ym ogniu 15 minut.<br \/>\n5. Doda\u0107 usma\u017cone pieczarki, wymiesza\u0107 i jeszcze gotowa\u0107 dot\u0105d, a\u017c odparuje ca\u0142y p\u0142yn a ry\u017c b\u0119dzie mi\u0119kki.<\/p>\n<p>Potraw\u0119 podawa\u0107 z cukini\u0105 podsma\u017con\u0105 na odrobinie oleju i lekko posolon\u0105.<\/p>\n","protected":false},"excerpt":{"rendered":"<p>(4-6 porcji) 25 dag ry\u017cu basmati, 2 \u0142y\u017cki mas\u0142a, 15 dag pieczarek, cebula, 2 ziarna kardamonu, 2 go\u017adziki, 5 ziaren pieprzu, s\u00f3l. 1. Cebul\u0119 obra\u0107, pokroi\u0107 w cienkie pi\u00f3rka, 2. Pieczarki pokroi\u0107 w plasterki. 3. W garnku rozpu\u015bci\u0107 mas\u0142o, doda\u0107 kardamon i go\u017adziki oraz cebul\u0119, pieprz, odrobin\u0119 soli, sma\u017cy\u0107 3 minuty. Doda\u0107 pieczarki, sma\u017cy\u0107 3 [&hellip;]<\/p>\n","protected":false},"author":2,"featured_media":0,"comment_status":"open","ping_status":"open","sticky":false,"template":"","format":"standard","meta":{"footnotes":""},"categories":[1],"tags":[],"_links":{"self":[{"href":"https:\/\/blog.polityka.pl\/adamczewski\/wp-json\/wp\/v2\/posts\/9873"}],"collection":[{"href":"https:\/\/blog.polityka.pl\/adamczewski\/wp-json\/wp\/v2\/posts"}],"about":[{"href":"https:\/\/blog.polityka.pl\/adamczewski\/wp-json\/wp\/v2\/types\/post"}],"author":[{"embeddable":true,"href":"https:\/\/blog.polityka.pl\/adamczewski\/wp-json\/wp\/v2\/users\/2"}],"replies":[{"embeddable":true,"href":"https:\/\/blog.polityka.pl\/adamczewski\/wp-json\/wp\/v2\/comments?post=9873"}],"version-history":[{"count":0,"href":"https:\/\/blog.polityka.pl\/adamczewski\/wp-json\/wp\/v2\/posts\/9873\/revisions"}],"wp:attachment":[{"href":"https:\/\/blog.polityka.pl\/adamczewski\/wp-json\/wp\/v2\/media?parent=9873"}],"wp:term":[{"taxonomy":"category","embeddable":true,"href":"https:\/\/blog.polityka.pl\/adamczewski\/wp-json\/wp\/v2\/categories?post=9873"},{"taxonomy":"post_tag","embeddable":true,"href":"https:\/\/blog.polityka.pl\/adamczewski\/wp-json\/wp\/v2\/tags?post=9873"}],"curies":[{"name":"wp","href":"https:\/\/api.w.org\/{rel}","templated":true}]}}