
{"id":9874,"date":"2008-05-04T19:22:42","date_gmt":"2008-05-04T18:22:42","guid":{"rendered":"http:\/\/adamczewscy.pl\/?p=1998"},"modified":"2008-05-04T19:22:42","modified_gmt":"2008-05-04T18:22:42","slug":"pudding-prawie-jak-angielski","status":"publish","type":"post","link":"https:\/\/blog.polityka.pl\/adamczewski\/2008\/05\/04\/pudding-prawie-jak-angielski\/","title":{"rendered":"Pudding prawie jak angielski"},"content":{"rendered":"<p><em>(4-6 porcji)<\/p>\n<p>P\u00f3\u0142 bu\u0142ki wroc\u0142awskiej, 2 i p\u00f3\u0142 \u0142y\u017cki mas\u0142a, 3 \u0142y\u017cki rodzynek, 3 \u0142y\u017cki cukru, jajko, szklanka i 4 \u0142y\u017cki mleka, odrobina (szczypta)  mielonej ga\u0142ki muszkato\u0142owej.<\/em><br \/>\n1. Wysmarowa\u0107 \u0142y\u017ck\u0105 mas\u0142a naczynie do zapiekania.<br \/>\n2. Pokroi\u0107 bu\u0142k\u0119 na kromki, posmarowa\u0107 mas\u0142em, ka\u017cd\u0105 podzieli\u0107 na 2-3 paski.<br \/>\n3. U\u0142o\u017cy\u0107 po\u0142ow\u0119 tych pask\u00f3w na dnie \u017caroodpornego naczynia, bu\u0142k\u0119 posypa\u0107 rodzynkami, po\u0142ow\u0105 cukru, na wierzchu u\u0142o\u017cy\u0107 pozosta\u0142e kawa\u0142ki bu\u0142ki.<br \/>\n4. Jajko ubi\u0107 z mlekiem, pola\u0107 bu\u0142k\u0119 u\u0142o\u017con\u0105 w \u017caroodpornym naczyniu. Odstawi\u0107 na 30 minut, aby bu\u0142ka wch\u0142on\u0119\u0142a ca\u0142y p\u0142yn.<br \/>\n5. Wierzch puddingu posypa\u0107 pozosta\u0142ym cukrem i szczypt\u0105 ga\u0142ki muszkato\u0142owej. Zapieka\u0107 godzin\u0119 w nagrzanym do 180 st C piekarniku.<\/p>\n","protected":false},"excerpt":{"rendered":"<p>(4-6 porcji) P\u00f3\u0142 bu\u0142ki wroc\u0142awskiej, 2 i p\u00f3\u0142 \u0142y\u017cki mas\u0142a, 3 \u0142y\u017cki rodzynek, 3 \u0142y\u017cki cukru, jajko, szklanka i 4 \u0142y\u017cki mleka, odrobina (szczypta) mielonej ga\u0142ki muszkato\u0142owej. 1. Wysmarowa\u0107 \u0142y\u017ck\u0105 mas\u0142a naczynie do zapiekania. 2. Pokroi\u0107 bu\u0142k\u0119 na kromki, posmarowa\u0107 mas\u0142em, ka\u017cd\u0105 podzieli\u0107 na 2-3 paski. 3. U\u0142o\u017cy\u0107 po\u0142ow\u0119 tych pask\u00f3w na dnie \u017caroodpornego naczynia, [&hellip;]<\/p>\n","protected":false},"author":2,"featured_media":0,"comment_status":"open","ping_status":"open","sticky":false,"template":"","format":"standard","meta":{"footnotes":""},"categories":[1],"tags":[],"_links":{"self":[{"href":"https:\/\/blog.polityka.pl\/adamczewski\/wp-json\/wp\/v2\/posts\/9874"}],"collection":[{"href":"https:\/\/blog.polityka.pl\/adamczewski\/wp-json\/wp\/v2\/posts"}],"about":[{"href":"https:\/\/blog.polityka.pl\/adamczewski\/wp-json\/wp\/v2\/types\/post"}],"author":[{"embeddable":true,"href":"https:\/\/blog.polityka.pl\/adamczewski\/wp-json\/wp\/v2\/users\/2"}],"replies":[{"embeddable":true,"href":"https:\/\/blog.polityka.pl\/adamczewski\/wp-json\/wp\/v2\/comments?post=9874"}],"version-history":[{"count":0,"href":"https:\/\/blog.polityka.pl\/adamczewski\/wp-json\/wp\/v2\/posts\/9874\/revisions"}],"wp:attachment":[{"href":"https:\/\/blog.polityka.pl\/adamczewski\/wp-json\/wp\/v2\/media?parent=9874"}],"wp:term":[{"taxonomy":"category","embeddable":true,"href":"https:\/\/blog.polityka.pl\/adamczewski\/wp-json\/wp\/v2\/categories?post=9874"},{"taxonomy":"post_tag","embeddable":true,"href":"https:\/\/blog.polityka.pl\/adamczewski\/wp-json\/wp\/v2\/tags?post=9874"}],"curies":[{"name":"wp","href":"https:\/\/api.w.org\/{rel}","templated":true}]}}