
{"id":9875,"date":"2008-05-04T19:23:29","date_gmt":"2008-05-04T18:23:29","guid":{"rendered":"http:\/\/adamczewscy.pl\/?p=1999"},"modified":"2008-05-04T19:23:29","modified_gmt":"2008-05-04T18:23:29","slug":"makaron-z-sosem-ze-szpinaku","status":"publish","type":"post","link":"https:\/\/blog.polityka.pl\/adamczewski\/2008\/05\/04\/makaron-z-sosem-ze-szpinaku\/","title":{"rendered":"Makaron z sosem ze szpinaku"},"content":{"rendered":"<p><em>(4 porcje)<\/p>\n<p>P\u00f3\u0142 paczki (250 g makaronu, najlepiej wst\u0105\u017cek), opakowanie 50 dag mro\u017conego szpinaku lub 80 dag \u015bwie\u017cego, p\u00f3\u0142 szklanki \u015bmietany 30-proc., z\u0105bek czosnku, 15 dag sera gorgonzola lub innego ple\u015bniowego.<\/em><br \/>\n1. Szpinak rozmrozi\u0107 na sicie lub \u015bwie\u017cy obra\u0107, ugotowa\u0107 w du\u017cej ilo\u015bci wrz\u0105cej wody, ods\u0105czy\u0107, przesieka\u0107.<br \/>\n2. Przygotowa\u0107 sos: szpinak podgrzewa\u0107, dodaj\u0105c \u015bmietan\u0119, przeci\u015bni\u0119ty przez prask\u0119 czosnek, s\u00f3l. Kiedy sos zagotuje si\u0119 doda\u0107 pokruszony ser, zdj\u0105\u0107 ganek z ognia i miesza\u0107, a\u017c ser si\u0119 rozpu\u015bci.<br \/>\n3. Ugotowa\u0107 makaron, pola\u0107 sosem szpinakowym i od razu podawa\u0107.<\/p>\n","protected":false},"excerpt":{"rendered":"<p>(4 porcje) P\u00f3\u0142 paczki (250 g makaronu, najlepiej wst\u0105\u017cek), opakowanie 50 dag mro\u017conego szpinaku lub 80 dag \u015bwie\u017cego, p\u00f3\u0142 szklanki \u015bmietany 30-proc., z\u0105bek czosnku, 15 dag sera gorgonzola lub innego ple\u015bniowego. 1. Szpinak rozmrozi\u0107 na sicie lub \u015bwie\u017cy obra\u0107, ugotowa\u0107 w du\u017cej ilo\u015bci wrz\u0105cej wody, ods\u0105czy\u0107, przesieka\u0107. 2. Przygotowa\u0107 sos: szpinak podgrzewa\u0107, dodaj\u0105c \u015bmietan\u0119, przeci\u015bni\u0119ty [&hellip;]<\/p>\n","protected":false},"author":2,"featured_media":0,"comment_status":"open","ping_status":"open","sticky":false,"template":"","format":"standard","meta":{"footnotes":""},"categories":[1],"tags":[],"_links":{"self":[{"href":"https:\/\/blog.polityka.pl\/adamczewski\/wp-json\/wp\/v2\/posts\/9875"}],"collection":[{"href":"https:\/\/blog.polityka.pl\/adamczewski\/wp-json\/wp\/v2\/posts"}],"about":[{"href":"https:\/\/blog.polityka.pl\/adamczewski\/wp-json\/wp\/v2\/types\/post"}],"author":[{"embeddable":true,"href":"https:\/\/blog.polityka.pl\/adamczewski\/wp-json\/wp\/v2\/users\/2"}],"replies":[{"embeddable":true,"href":"https:\/\/blog.polityka.pl\/adamczewski\/wp-json\/wp\/v2\/comments?post=9875"}],"version-history":[{"count":0,"href":"https:\/\/blog.polityka.pl\/adamczewski\/wp-json\/wp\/v2\/posts\/9875\/revisions"}],"wp:attachment":[{"href":"https:\/\/blog.polityka.pl\/adamczewski\/wp-json\/wp\/v2\/media?parent=9875"}],"wp:term":[{"taxonomy":"category","embeddable":true,"href":"https:\/\/blog.polityka.pl\/adamczewski\/wp-json\/wp\/v2\/categories?post=9875"},{"taxonomy":"post_tag","embeddable":true,"href":"https:\/\/blog.polityka.pl\/adamczewski\/wp-json\/wp\/v2\/tags?post=9875"}],"curies":[{"name":"wp","href":"https:\/\/api.w.org\/{rel}","templated":true}]}}