
{"id":9876,"date":"2008-05-04T19:24:07","date_gmt":"2008-05-04T18:24:07","guid":{"rendered":"http:\/\/adamczewscy.pl\/?p=2000"},"modified":"2008-05-04T19:24:07","modified_gmt":"2008-05-04T18:24:07","slug":"chlodnik-cytrynowo-selerowy","status":"publish","type":"post","link":"https:\/\/blog.polityka.pl\/adamczewski\/2008\/05\/04\/chlodnik-cytrynowo-selerowy\/","title":{"rendered":"Ch\u0142odnik cytrynowo-selerowy"},"content":{"rendered":"<p><em>(4 porcje)<\/p>\n<p>4 \u0142odygi selera naciowego, 4 szklanki jogurtu naturalnego, \u0142y\u017ceczka startej sk\u00f3rki cytrynowej, 3 \u0142y\u017cki soku cytrynowego, 2 \u0142y\u017cki posiekanej \u015bwie\u017cej mi\u0119ty, s\u00f3l, pieprz.<\/em><br \/>\n1. \u0141odygi selerowe posieka\u0107 i zmiksowa\u0107.<br \/>\n2. Do zmiksowanej masy doda\u0107 jogurt, sk\u00f3rk\u0119 i sok cytrynowy, s\u00f3l, pieprz oraz \u0142y\u017ck\u0119 siekanej mi\u0119ty. Dobrze wymiesza\u0107.<br \/>\n3. Sch\u0142odzi\u0107, najlepiej w lod\u00f3wce. Podawa\u0107 ch\u0142odnik posypany siekan\u0105 mi\u0119t\u0105.<\/p>\n","protected":false},"excerpt":{"rendered":"<p>(4 porcje) 4 \u0142odygi selera naciowego, 4 szklanki jogurtu naturalnego, \u0142y\u017ceczka startej sk\u00f3rki cytrynowej, 3 \u0142y\u017cki soku cytrynowego, 2 \u0142y\u017cki posiekanej \u015bwie\u017cej mi\u0119ty, s\u00f3l, pieprz. 1. \u0141odygi selerowe posieka\u0107 i zmiksowa\u0107. 2. Do zmiksowanej masy doda\u0107 jogurt, sk\u00f3rk\u0119 i sok cytrynowy, s\u00f3l, pieprz oraz \u0142y\u017ck\u0119 siekanej mi\u0119ty. Dobrze wymiesza\u0107. 3. Sch\u0142odzi\u0107, najlepiej w lod\u00f3wce. Podawa\u0107 [&hellip;]<\/p>\n","protected":false},"author":2,"featured_media":0,"comment_status":"open","ping_status":"open","sticky":false,"template":"","format":"standard","meta":{"footnotes":""},"categories":[1],"tags":[],"_links":{"self":[{"href":"https:\/\/blog.polityka.pl\/adamczewski\/wp-json\/wp\/v2\/posts\/9876"}],"collection":[{"href":"https:\/\/blog.polityka.pl\/adamczewski\/wp-json\/wp\/v2\/posts"}],"about":[{"href":"https:\/\/blog.polityka.pl\/adamczewski\/wp-json\/wp\/v2\/types\/post"}],"author":[{"embeddable":true,"href":"https:\/\/blog.polityka.pl\/adamczewski\/wp-json\/wp\/v2\/users\/2"}],"replies":[{"embeddable":true,"href":"https:\/\/blog.polityka.pl\/adamczewski\/wp-json\/wp\/v2\/comments?post=9876"}],"version-history":[{"count":0,"href":"https:\/\/blog.polityka.pl\/adamczewski\/wp-json\/wp\/v2\/posts\/9876\/revisions"}],"wp:attachment":[{"href":"https:\/\/blog.polityka.pl\/adamczewski\/wp-json\/wp\/v2\/media?parent=9876"}],"wp:term":[{"taxonomy":"category","embeddable":true,"href":"https:\/\/blog.polityka.pl\/adamczewski\/wp-json\/wp\/v2\/categories?post=9876"},{"taxonomy":"post_tag","embeddable":true,"href":"https:\/\/blog.polityka.pl\/adamczewski\/wp-json\/wp\/v2\/tags?post=9876"}],"curies":[{"name":"wp","href":"https:\/\/api.w.org\/{rel}","templated":true}]}}