
{"id":9879,"date":"2008-05-12T05:26:26","date_gmt":"2008-05-12T04:26:26","guid":{"rendered":"http:\/\/adamczewscy.pl\/?p=2004"},"modified":"2008-05-12T05:26:26","modified_gmt":"2008-05-12T04:26:26","slug":"zupa-pomidorowa-inaczej","status":"publish","type":"post","link":"https:\/\/blog.polityka.pl\/adamczewski\/2008\/05\/12\/zupa-pomidorowa-inaczej\/","title":{"rendered":"Zupa pomidorowa inaczej"},"content":{"rendered":"<p><em>(4 porcje)<\/p>\n<p>4 \u015brednie pomidory, 3 \u0142y\u017cki przecieru pomidorowego, 2 cebule, str\u0105k zielonej papryki,  2 \u0142y\u017cki oliwy z oliwek, \u0142y\u017cka cukru, s\u00f3l, z\u0105bek czosnku, 3 szklanki roso\u0142u warzywnego (mo\u017ce by\u0107 z kostki), 2 gar\u015bcie makaronu krajanki, \u0142y\u017cka suszonej bazylii lub 2 \u0142y\u017cki siekanych \u015bwie\u017cych listk\u00f3w, szczypta suszonego tymianku.<\/em><br \/>\n1. Cebule drobno pokroi\u0107, pomidory sparzy\u0107, obra\u0107 i pokroi\u0107 w drobne kawa\u0142ki, papryk\u0119 pokroi\u0107 w cienkie paski, czosnek przecisn\u0105\u0107 przez prask\u0119.<br \/>\n2. W garnku rozgrza\u0107 oliw\u0119, doda\u0107 cebul\u0119, chwil\u0119 sma\u017cy\u0107, po czym doda\u0107 pomidory, papryk\u0119, czosnek<br \/>\n3. Po 5-6 minutach duszenia wla\u0107 wymieszany z roso\u0142em warzywnym przecier, doda\u0107 cukier, s\u00f3l i zn\u00f3w gotowa\u0107 5 minut.<br \/>\n4. Do zupy doda\u0107 makaron, bazyli\u0119 i tymianek i gotowa\u0107 10 minut.<\/p>\n<p>Ta zupa pomidorowa jest rzeczywi\u015bcie gotowana inaczej, jest jednak niezwykle smaczn\u0105 i po\u017cywn\u0105 zup\u0105, niekt\u00f3rzy b\u0119d\u0105 j\u0105 bardziej lubi\u0107 ni\u017c zwyk\u0142\u0105 pomidorow\u0105.<\/p>\n","protected":false},"excerpt":{"rendered":"<p>(4 porcje) 4 \u015brednie pomidory, 3 \u0142y\u017cki przecieru pomidorowego, 2 cebule, str\u0105k zielonej papryki, 2 \u0142y\u017cki oliwy z oliwek, \u0142y\u017cka cukru, s\u00f3l, z\u0105bek czosnku, 3 szklanki roso\u0142u warzywnego (mo\u017ce by\u0107 z kostki), 2 gar\u015bcie makaronu krajanki, \u0142y\u017cka suszonej bazylii lub 2 \u0142y\u017cki siekanych \u015bwie\u017cych listk\u00f3w, szczypta suszonego tymianku. 1. Cebule drobno pokroi\u0107, pomidory sparzy\u0107, obra\u0107 [&hellip;]<\/p>\n","protected":false},"author":2,"featured_media":0,"comment_status":"open","ping_status":"open","sticky":false,"template":"","format":"standard","meta":{"footnotes":""},"categories":[1],"tags":[],"_links":{"self":[{"href":"https:\/\/blog.polityka.pl\/adamczewski\/wp-json\/wp\/v2\/posts\/9879"}],"collection":[{"href":"https:\/\/blog.polityka.pl\/adamczewski\/wp-json\/wp\/v2\/posts"}],"about":[{"href":"https:\/\/blog.polityka.pl\/adamczewski\/wp-json\/wp\/v2\/types\/post"}],"author":[{"embeddable":true,"href":"https:\/\/blog.polityka.pl\/adamczewski\/wp-json\/wp\/v2\/users\/2"}],"replies":[{"embeddable":true,"href":"https:\/\/blog.polityka.pl\/adamczewski\/wp-json\/wp\/v2\/comments?post=9879"}],"version-history":[{"count":0,"href":"https:\/\/blog.polityka.pl\/adamczewski\/wp-json\/wp\/v2\/posts\/9879\/revisions"}],"wp:attachment":[{"href":"https:\/\/blog.polityka.pl\/adamczewski\/wp-json\/wp\/v2\/media?parent=9879"}],"wp:term":[{"taxonomy":"category","embeddable":true,"href":"https:\/\/blog.polityka.pl\/adamczewski\/wp-json\/wp\/v2\/categories?post=9879"},{"taxonomy":"post_tag","embeddable":true,"href":"https:\/\/blog.polityka.pl\/adamczewski\/wp-json\/wp\/v2\/tags?post=9879"}],"curies":[{"name":"wp","href":"https:\/\/api.w.org\/{rel}","templated":true}]}}