
{"id":9880,"date":"2008-05-12T05:27:04","date_gmt":"2008-05-12T04:27:04","guid":{"rendered":"http:\/\/adamczewscy.pl\/?p=2005"},"modified":"2008-05-12T05:27:04","modified_gmt":"2008-05-12T04:27:04","slug":"zupa-jarzynowa-z-boczniakami","status":"publish","type":"post","link":"https:\/\/blog.polityka.pl\/adamczewski\/2008\/05\/12\/zupa-jarzynowa-z-boczniakami\/","title":{"rendered":"Zupa jarzynowa z boczniakami"},"content":{"rendered":"<p><em>(4 porcje)<\/p>\n<p>3 szklanki bulionu warzywnego (mo\u017ce by\u0107 z kostki), 20 dag boczniak\u00f3w, cebula, 2 marchwie, szklanka pokrojonej drobno zielonej fasolki szparagowej, szczypta kminku, s\u00f3l, 10 dag makaronu nitki, 2 \u0142y\u017cki przecieru pomidorowego, 2 \u0142y\u017cki siekanej zielonej pietruszki.<\/em><br \/>\n1. Pokroi\u0107 drobno umyte grzyby i cebul\u0119. Marchew pokroi\u0107 w plasterki.<br \/>\n2. Pokrojone warzywa zala\u0107 wrz\u0105cym roso\u0142em warzywnym i gotowa\u0107 10 minut.<br \/>\n3. Doda\u0107 pokrojon\u0105 fasolk\u0119, troch\u0119 soli, szczypt\u0119 kminku i gotowa\u0107 5 minut<br \/>\n4. Do zupy doda\u0107 przecier pomidorowy i makaron i gotowa\u0107 dalsze 5 minut.<br \/>\n5. Na koniec doda\u0107 posiekan\u0105 zielon\u0105 pietruszk\u0119.<\/p>\n<p>Zupa jarzynowa z boczniakami jest jedn\u0105 z szybkich a efektownych zup. Mo\u017cna przed w\u0142o\u017ceniem do zupy boczniaki podsma\u017cy\u0107 na \u0142y\u017cce mas\u0142a.<\/p>\n","protected":false},"excerpt":{"rendered":"<p>(4 porcje) 3 szklanki bulionu warzywnego (mo\u017ce by\u0107 z kostki), 20 dag boczniak\u00f3w, cebula, 2 marchwie, szklanka pokrojonej drobno zielonej fasolki szparagowej, szczypta kminku, s\u00f3l, 10 dag makaronu nitki, 2 \u0142y\u017cki przecieru pomidorowego, 2 \u0142y\u017cki siekanej zielonej pietruszki. 1. Pokroi\u0107 drobno umyte grzyby i cebul\u0119. Marchew pokroi\u0107 w plasterki. 2. Pokrojone warzywa zala\u0107 wrz\u0105cym roso\u0142em [&hellip;]<\/p>\n","protected":false},"author":2,"featured_media":0,"comment_status":"open","ping_status":"open","sticky":false,"template":"","format":"standard","meta":{"footnotes":""},"categories":[1],"tags":[],"_links":{"self":[{"href":"https:\/\/blog.polityka.pl\/adamczewski\/wp-json\/wp\/v2\/posts\/9880"}],"collection":[{"href":"https:\/\/blog.polityka.pl\/adamczewski\/wp-json\/wp\/v2\/posts"}],"about":[{"href":"https:\/\/blog.polityka.pl\/adamczewski\/wp-json\/wp\/v2\/types\/post"}],"author":[{"embeddable":true,"href":"https:\/\/blog.polityka.pl\/adamczewski\/wp-json\/wp\/v2\/users\/2"}],"replies":[{"embeddable":true,"href":"https:\/\/blog.polityka.pl\/adamczewski\/wp-json\/wp\/v2\/comments?post=9880"}],"version-history":[{"count":0,"href":"https:\/\/blog.polityka.pl\/adamczewski\/wp-json\/wp\/v2\/posts\/9880\/revisions"}],"wp:attachment":[{"href":"https:\/\/blog.polityka.pl\/adamczewski\/wp-json\/wp\/v2\/media?parent=9880"}],"wp:term":[{"taxonomy":"category","embeddable":true,"href":"https:\/\/blog.polityka.pl\/adamczewski\/wp-json\/wp\/v2\/categories?post=9880"},{"taxonomy":"post_tag","embeddable":true,"href":"https:\/\/blog.polityka.pl\/adamczewski\/wp-json\/wp\/v2\/tags?post=9880"}],"curies":[{"name":"wp","href":"https:\/\/api.w.org\/{rel}","templated":true}]}}