
{"id":9886,"date":"2008-05-12T05:32:21","date_gmt":"2008-05-12T04:32:21","guid":{"rendered":"http:\/\/adamczewscy.pl\/?p=2011"},"modified":"2008-05-12T05:32:21","modified_gmt":"2008-05-12T04:32:21","slug":"zielony-groszek-z-pieczarkami","status":"publish","type":"post","link":"https:\/\/blog.polityka.pl\/adamczewski\/2008\/05\/12\/zielony-groszek-z-pieczarkami\/","title":{"rendered":"Zielony groszek z pieczarkami"},"content":{"rendered":"<p><em>(4 porcje)<\/p>\n<p>15 dag pieczarek, 2 \u0142y\u017cki mas\u0142a, 50 dag \u0142uskanego m\u0142odego groszku lub puszka konserwowego, 2 \u0142y\u017cki \u015bmietany 12-proc., s\u00f3l.<\/em><\/p>\n<p>1. Pieczarki umy\u0107, pokroi\u0107 w cienkie plasterki, nie rumieni\u0105c podsma\u017cy\u0107 na ma\u015ble, lekko posoli\u0107.<br \/>\n2. \u015awie\u017cy groszek ugotowa\u0107 w wodzie z odrobin\u0105 soli i cukru. Ods\u0105czy\u0107. Je\u015bli u\u017cywa si\u0119 groszku konserwowego wystarczy odcedzi\u0107 z zalewy.<br \/>\n3. Po\u0142\u0105czy\u0107 pieczarki z groszkiem, doda\u0107 \u015bmietany, doprawi\u0107 w miar\u0119 potrzeby sol\u0105 i razem zagrza\u0107.<\/p>\n<p>Groszek z pieczarkami doskona\u0142y jest jako dodatek do baranich kotlet\u00f3w ale tak\u017ce wszystkich innych mi\u0119s.<\/p>\n","protected":false},"excerpt":{"rendered":"<p>(4 porcje) 15 dag pieczarek, 2 \u0142y\u017cki mas\u0142a, 50 dag \u0142uskanego m\u0142odego groszku lub puszka konserwowego, 2 \u0142y\u017cki \u015bmietany 12-proc., s\u00f3l. 1. Pieczarki umy\u0107, pokroi\u0107 w cienkie plasterki, nie rumieni\u0105c podsma\u017cy\u0107 na ma\u015ble, lekko posoli\u0107. 2. \u015awie\u017cy groszek ugotowa\u0107 w wodzie z odrobin\u0105 soli i cukru. Ods\u0105czy\u0107. Je\u015bli u\u017cywa si\u0119 groszku konserwowego wystarczy odcedzi\u0107 z [&hellip;]<\/p>\n","protected":false},"author":2,"featured_media":0,"comment_status":"open","ping_status":"open","sticky":false,"template":"","format":"standard","meta":{"footnotes":""},"categories":[1],"tags":[],"_links":{"self":[{"href":"https:\/\/blog.polityka.pl\/adamczewski\/wp-json\/wp\/v2\/posts\/9886"}],"collection":[{"href":"https:\/\/blog.polityka.pl\/adamczewski\/wp-json\/wp\/v2\/posts"}],"about":[{"href":"https:\/\/blog.polityka.pl\/adamczewski\/wp-json\/wp\/v2\/types\/post"}],"author":[{"embeddable":true,"href":"https:\/\/blog.polityka.pl\/adamczewski\/wp-json\/wp\/v2\/users\/2"}],"replies":[{"embeddable":true,"href":"https:\/\/blog.polityka.pl\/adamczewski\/wp-json\/wp\/v2\/comments?post=9886"}],"version-history":[{"count":0,"href":"https:\/\/blog.polityka.pl\/adamczewski\/wp-json\/wp\/v2\/posts\/9886\/revisions"}],"wp:attachment":[{"href":"https:\/\/blog.polityka.pl\/adamczewski\/wp-json\/wp\/v2\/media?parent=9886"}],"wp:term":[{"taxonomy":"category","embeddable":true,"href":"https:\/\/blog.polityka.pl\/adamczewski\/wp-json\/wp\/v2\/categories?post=9886"},{"taxonomy":"post_tag","embeddable":true,"href":"https:\/\/blog.polityka.pl\/adamczewski\/wp-json\/wp\/v2\/tags?post=9886"}],"curies":[{"name":"wp","href":"https:\/\/api.w.org\/{rel}","templated":true}]}}