
{"id":9887,"date":"2008-05-19T06:04:31","date_gmt":"2008-05-19T05:04:31","guid":{"rendered":"http:\/\/adamczewscy.pl\/?p=2013"},"modified":"2008-05-19T06:04:31","modified_gmt":"2008-05-19T05:04:31","slug":"losos-z-bita-smietana","status":"publish","type":"post","link":"https:\/\/blog.polityka.pl\/adamczewski\/2008\/05\/19\/losos-z-bita-smietana\/","title":{"rendered":"\u0141oso\u015b z bit\u0105 \u015bmietan\u0105"},"content":{"rendered":"<p><em>(4 porcje)<\/p>\n<p>4 plastry w\u0119dzonego \u0142ososia, \u0142y\u017cka tartego chrzanu (mo\u017ce by\u0107 ze s\u0142oiczka), p\u00f3\u0142 szklanki \u015bmietany 22-proc..<\/p>\n<p><\/em><\/p>\n<p>1. \u015amietan\u0119 dobrze sch\u0142odzi\u0107 w lod\u00f3wce, po wyj\u0119ciu ubi\u0107 trzepaczk\u0105 do piany, mikserem r\u0119cznym lub po prostu ?podbijaj\u0105c? widelcem. Do \u015bmietany doda\u0107 chrzan, wymiesza\u0107.<br \/>\n2. Ka\u017cdy plaster \u0142ososia smarowa\u0107 bit\u0105 \u015bmietan\u0105 i sk\u0142ada\u0107 na p\u00f3\u0142.<\/p>\n<p>W\u0119dzony \u0142oso\u015b to istna skarbnica kwas\u00f3w omega 3, dobrego rybiego t\u0142uszczu a przy tym ten smak?<br \/>\nDodatek ubitej \u015bmietany z dodatkiem chrzanu nadaje \u0142ososiowi wyj\u0105tkowy smak.<\/p>\n","protected":false},"excerpt":{"rendered":"<p>(4 porcje) 4 plastry w\u0119dzonego \u0142ososia, \u0142y\u017cka tartego chrzanu (mo\u017ce by\u0107 ze s\u0142oiczka), p\u00f3\u0142 szklanki \u015bmietany 22-proc.. 1. \u015amietan\u0119 dobrze sch\u0142odzi\u0107 w lod\u00f3wce, po wyj\u0119ciu ubi\u0107 trzepaczk\u0105 do piany, mikserem r\u0119cznym lub po prostu ?podbijaj\u0105c? widelcem. Do \u015bmietany doda\u0107 chrzan, wymiesza\u0107. 2. Ka\u017cdy plaster \u0142ososia smarowa\u0107 bit\u0105 \u015bmietan\u0105 i sk\u0142ada\u0107 na p\u00f3\u0142. W\u0119dzony \u0142oso\u015b to [&hellip;]<\/p>\n","protected":false},"author":2,"featured_media":0,"comment_status":"open","ping_status":"open","sticky":false,"template":"","format":"standard","meta":{"footnotes":""},"categories":[1],"tags":[],"_links":{"self":[{"href":"https:\/\/blog.polityka.pl\/adamczewski\/wp-json\/wp\/v2\/posts\/9887"}],"collection":[{"href":"https:\/\/blog.polityka.pl\/adamczewski\/wp-json\/wp\/v2\/posts"}],"about":[{"href":"https:\/\/blog.polityka.pl\/adamczewski\/wp-json\/wp\/v2\/types\/post"}],"author":[{"embeddable":true,"href":"https:\/\/blog.polityka.pl\/adamczewski\/wp-json\/wp\/v2\/users\/2"}],"replies":[{"embeddable":true,"href":"https:\/\/blog.polityka.pl\/adamczewski\/wp-json\/wp\/v2\/comments?post=9887"}],"version-history":[{"count":0,"href":"https:\/\/blog.polityka.pl\/adamczewski\/wp-json\/wp\/v2\/posts\/9887\/revisions"}],"wp:attachment":[{"href":"https:\/\/blog.polityka.pl\/adamczewski\/wp-json\/wp\/v2\/media?parent=9887"}],"wp:term":[{"taxonomy":"category","embeddable":true,"href":"https:\/\/blog.polityka.pl\/adamczewski\/wp-json\/wp\/v2\/categories?post=9887"},{"taxonomy":"post_tag","embeddable":true,"href":"https:\/\/blog.polityka.pl\/adamczewski\/wp-json\/wp\/v2\/tags?post=9887"}],"curies":[{"name":"wp","href":"https:\/\/api.w.org\/{rel}","templated":true}]}}