
{"id":9888,"date":"2008-05-19T06:05:12","date_gmt":"2008-05-19T05:05:12","guid":{"rendered":"http:\/\/adamczewscy.pl\/?p=2014"},"modified":"2008-05-19T06:05:12","modified_gmt":"2008-05-19T05:05:12","slug":"pasztet-z-pieczarek","status":"publish","type":"post","link":"https:\/\/blog.polityka.pl\/adamczewski\/2008\/05\/19\/pasztet-z-pieczarek\/","title":{"rendered":"Pasztet z pieczarek"},"content":{"rendered":"<p><em>(4-6 porcji)<\/p>\n<p>50 dag pieczarek, 3 bu\u0142ki kajzerki, 3 jaja, cebula, 2 \u0142y\u017cki oleju, s\u00f3l, pieprz. Do wysmarowania formy: \u0142y\u017cka mas\u0142a.<\/p>\n<p><\/em><\/p>\n<p>1. Pokroi\u0107 drobno pieczarki i cebul\u0119, udusi\u0107 na oleju.<br \/>\n2. Kajzerki namoczy\u0107 w wodzie, po czym odcisn\u0105\u0107.<br \/>\n3. Kajzerki i uduszone pieczarki zmieli\u0107 w maszynce do mi\u0119sa, doprawi\u0107 sol\u0105 i pieprzem, doda\u0107 \u017c\u00f3\u0142tka, wymiesza\u0107 bardzo dok\u0142adnie.<br \/>\n4. Z bia\u0142ek ubi\u0107 sztywna pian\u0119, doda\u0107 do masy pieczarkowej i ostro\u017cnie wymiesza\u0107.<br \/>\n5. Tortownic\u0119 wysmarowa\u0107 mas\u0142em, wy\u0142o\u017cy\u0107 mas\u0119 i wyr\u00f3wna\u0107 wierzch. Piec  w piekarniku w temperaturze 170-180 st C oko\u0142o godziny.<br \/>\nNajlepiej smakuje na zimno.<\/p>\n","protected":false},"excerpt":{"rendered":"<p>(4-6 porcji) 50 dag pieczarek, 3 bu\u0142ki kajzerki, 3 jaja, cebula, 2 \u0142y\u017cki oleju, s\u00f3l, pieprz. Do wysmarowania formy: \u0142y\u017cka mas\u0142a. 1. Pokroi\u0107 drobno pieczarki i cebul\u0119, udusi\u0107 na oleju. 2. Kajzerki namoczy\u0107 w wodzie, po czym odcisn\u0105\u0107. 3. Kajzerki i uduszone pieczarki zmieli\u0107 w maszynce do mi\u0119sa, doprawi\u0107 sol\u0105 i pieprzem, doda\u0107 \u017c\u00f3\u0142tka, wymiesza\u0107 [&hellip;]<\/p>\n","protected":false},"author":2,"featured_media":0,"comment_status":"open","ping_status":"open","sticky":false,"template":"","format":"standard","meta":{"footnotes":""},"categories":[1],"tags":[],"_links":{"self":[{"href":"https:\/\/blog.polityka.pl\/adamczewski\/wp-json\/wp\/v2\/posts\/9888"}],"collection":[{"href":"https:\/\/blog.polityka.pl\/adamczewski\/wp-json\/wp\/v2\/posts"}],"about":[{"href":"https:\/\/blog.polityka.pl\/adamczewski\/wp-json\/wp\/v2\/types\/post"}],"author":[{"embeddable":true,"href":"https:\/\/blog.polityka.pl\/adamczewski\/wp-json\/wp\/v2\/users\/2"}],"replies":[{"embeddable":true,"href":"https:\/\/blog.polityka.pl\/adamczewski\/wp-json\/wp\/v2\/comments?post=9888"}],"version-history":[{"count":0,"href":"https:\/\/blog.polityka.pl\/adamczewski\/wp-json\/wp\/v2\/posts\/9888\/revisions"}],"wp:attachment":[{"href":"https:\/\/blog.polityka.pl\/adamczewski\/wp-json\/wp\/v2\/media?parent=9888"}],"wp:term":[{"taxonomy":"category","embeddable":true,"href":"https:\/\/blog.polityka.pl\/adamczewski\/wp-json\/wp\/v2\/categories?post=9888"},{"taxonomy":"post_tag","embeddable":true,"href":"https:\/\/blog.polityka.pl\/adamczewski\/wp-json\/wp\/v2\/tags?post=9888"}],"curies":[{"name":"wp","href":"https:\/\/api.w.org\/{rel}","templated":true}]}}